{"id":38734,"date":"2013-08-31T02:49:36","date_gmt":"2013-08-31T02:49:36","guid":{"rendered":null},"modified":"-0001-11-30T00:00:00","modified_gmt":"-0001-11-30T00:00:00","slug":"ugt-denounced-that-health-will-be-pay-attention-to-dependence-to-people-who-are-under-the-poverty-threshold","status":"publish","type":"post","link":"https:\/\/www.best-dentist-dentistry.com\/de\/ugt-denounced-that-health-will-be-pay-attention-to-dependence-to-people-who-are-under-the-poverty-threshold\/38734","title":{"rendered":"UGT angeprangert, dass Gesundheit achten Sie auf Abh\u00e4ngigkeit zu Menschen werden, die unter der Armutsgrenze"},"content":{"rendered":"<p class=\"first\"> MADRID, 6 (EUROPA PRESS)<\/p>\n<p>UGT verurteilte am Freitag das Ziel des Ministeriums f\u00fcr Gesundheit, soziale Dienste und Gleichheit mit der Reform des Gesetzes der Abh\u00e4ngigkeit &#8220;, dass die B\u00fcrger mehr Zahlen&#8221;, weil ihren Vorschlag zur \u00dcberarbeitung der Co Zahlung tun wird, dass &#8220;sogar noch niedriger, unterhalb der Armutsgrenze Einkommen an den Kosten beteiligen enden&#8221;<\/p>\n<p>Also die Union reagierte auf die Bewertung des Standards erarbeitet von der Regierung, der am Freitag vor dem Beratenden Ausschuss des Systems f\u00fcr die pers\u00f6nliche Autonomie und Pflege-Abh\u00e4ngigkeit, eine Analyse pr\u00e4sentiert wurde, die seiner Ansicht nach &#8220;scheinen zu Gesetzes\u00e4nderungen zu rechtfertigen&#8221;, das soll das Gesetz machen.<\/p>\n<p>&#8220;Ist gesprochen wird Ungleichheit des Gesetzes, betrug der Betreuer usw. mit dem einzigen Ziel die \u00c4nderung des Gesetzes rechtfertigen, wenn die einzige Gewissheit ist, dass Regulierungsfehlern zur Bew\u00e4ltigung der Unsauberkeit der autonomen Gemeinschaften bei der Anwendung der bestehenden Vorschriften, sowie die eigene Regeln zu entwickeln, wie es ihnen in ihren Zust\u00e4ndigkeitsbereich Artikel 10 des Gesetzes gibt&#8221;, Beschwerde UGT.<\/p>\n<p>In Bezug auf k\u00f6niglichen Erlass \u00dcberarbeitung nach oben die Co Zahlung der Union, die &#8220;unterdr\u00fcckt die Grunds\u00e4tze der Gleichbehandlung, Nichtdiskriminierung und Universalit\u00e4t, die ebenfalls im Gesetz zur Bedingung, des Zugriffs auf das System nach dem Einkommen des Beg\u00fcnstigten festgeschrieben hatte&#8221;, sagt und angeprangert, dass &#8220;sogar die niedrigsten Einkommen an die Kosten mit etablierten so streng Sto\u00dfstangen Ende&#8221;.<\/p>\n<p>In diesem Zusammenhang betont, dass die Beitrag f\u00fcr diejenigen erforderlich, die Einkommen von 75 Prozent des Mindestlohns Index, einen Betrag &#8220;zu niedrig&#8221; Ihrer Meinung nach haben bedeutet, dass &#8220;in der Praxis alle beg\u00fcnstigten, sogar das Mindesteinkommen, das wir nicht vergessen d\u00fcrfen, dass mit diesen Zahlen sie unterhalb der Schwelle der Armut sind, des Systems beitragen m\u00fcssen&#8221;.<\/p>\n<p>&#8220;Das f\u00fchrt zu den Anreiz, nicht der Bestimmung und des Systems selbst, so dass das System nach ein paar Jahren so geschw\u00e4cht ist, dass es finanziell wahrscheinlich nachhaltig ist aber nicht Existent in Bezug auf Leistung, generieren ein einzige Sozialsystem&#8221;, unterstreicht UGT.<\/p>\n<p>Zu Vorschl\u00e4gen f\u00fcr Einigkeit dar\u00fcber, dass die Regierung der n\u00e4chsten territorialen Rat treffen wird geplant die Woche kommen, w\u00e4hrend der Beratende Ausschuss haben erweitert worden, Ma\u00dfnahmen wie die \u00c4nderung der aktuellen Struktur, die zwischen Klasse und Ebenen, besteht Beseitigung zwei Ebenen bestehend aus jeder Klasse, \u00c4nderung der Figur des pers\u00f6nliche Assistentin zu jedem Grad; \u00e4ndern die Beg\u00fcnstigten Co Zahlung oder die Gewichtung der Leistungen, die wirtschaftlichen Vorteile.<\/p>\n<p>Erw\u00e4hnt auch Ma\u00dfnahmen wie die Inkompatibilit\u00e4t voller Vorteile, \u00dcberpr\u00fcfung der der wirtschaftliche Nutzen der Pflege in der famili\u00e4ren Umgebung mit der Absicht, die spezielle Vereinbarung mit Sozialversicherung, \u00c4nderung des Kalenders der Strafverfolgung in der Klasse 1 bis 2015 oder Set als Sparma\u00dfnahmen \u00e4ndern die H\u00f6he der Leistungen f\u00fcr die Pflege in der famili\u00e4ren Umgebung auszusetzen.<\/p>\n","protected":false},"excerpt":{"rendered":"<p>MADRID, 6 (EUROPA PRESS) UGT verurteilte am Freitag das Ziel des Ministeriums f\u00fcr Gesundheit, soziale Dienste und Gleichheit mit der Reform des Gesetzes der Abh\u00e4ngigkeit &#8220;, dass die B\u00fcrger mehr Zahlen&#8221;, weil ihren Vorschlag zur \u00dcberarbeitung der Co Zahlung tun wird, dass &#8220;sogar noch niedriger, unterhalb der Armutsgrenze Einkommen an den Kosten beteiligen enden&#8221; Also [&hellip;]<\/p>\n","protected":false},"author":1,"featured_media":0,"comment_status":"close","ping_status":"open","sticky":false,"template":"","format":"standard","meta":{"footnotes":""},"categories":[3],"tags":[47249],"class_list":["post-38734","post","type-post","status-publish","format-standard","hentry","category-allgemeine","tag-regierung-vorschlags","et-doesnt-have-format-content","et_post_format-et-post-format-standard"],"_links":{"self":[{"href":"https:\/\/www.best-dentist-dentistry.com\/de\/wp-json\/wp\/v2\/posts\/38734","targetHints":{"allow":["GET"]}}],"collection":[{"href":"https:\/\/www.best-dentist-dentistry.com\/de\/wp-json\/wp\/v2\/posts"}],"about":[{"href":"https:\/\/www.best-dentist-dentistry.com\/de\/wp-json\/wp\/v2\/types\/post"}],"author":[{"embeddable":true,"href":"https:\/\/www.best-dentist-dentistry.com\/de\/wp-json\/wp\/v2\/users\/1"}],"replies":[{"embeddable":true,"href":"https:\/\/www.best-dentist-dentistry.com\/de\/wp-json\/wp\/v2\/comments?post=38734"}],"version-history":[{"count":0,"href":"https:\/\/www.best-dentist-dentistry.com\/de\/wp-json\/wp\/v2\/posts\/38734\/revisions"}],"wp:attachment":[{"href":"https:\/\/www.best-dentist-dentistry.com\/de\/wp-json\/wp\/v2\/media?parent=38734"}],"wp:term":[{"taxonomy":"category","embeddable":true,"href":"https:\/\/www.best-dentist-dentistry.com\/de\/wp-json\/wp\/v2\/categories?post=38734"},{"taxonomy":"post_tag","embeddable":true,"href":"https:\/\/www.best-dentist-dentistry.com\/de\/wp-json\/wp\/v2\/tags?post=38734"}],"curies":[{"name":"wp","href":"https:\/\/api.w.org\/{rel}","templated":true}]}}