{"id":38765,"date":"2013-12-25T02:46:24","date_gmt":"2013-12-25T02:46:24","guid":{"rendered":null},"modified":"-0001-11-30T00:00:00","modified_gmt":"-0001-11-30T00:00:00","slug":"andalusia-believes-that-reform-of-the-law-of-dependency-is-a-setback-in-the-same-to-change-its-orientation","status":"publish","type":"post","link":"https:\/\/www.best-dentist-dentistry.com\/de\/andalusia-believes-that-reform-of-the-law-of-dependency-is-a-setback-in-the-same-to-change-its-orientation\/38765","title":{"rendered":"Andalusien glaubt, dass Reform des Gesetzes der Abh\u00e4ngigkeit ein &#8220;R\u00fcckschritt&#8221; in der gleichen ihre Ausrichtung \u00e4ndern"},"content":{"rendered":"<p class=\"first\"> MADRID, 10 (EUROPA PRESS)<\/p>\n<p>Der Minister f\u00fcr Gesundheit und Soziales von der Junta de Andaluc\u00eda, Mar\u00eda Jes\u00fas Montero, bedauert Dienstag mit der Reform des Rechts der pers\u00f6nlichen Autonomie und Pflege-Abh\u00e4ngigkeit &#8220;Kickback&#8221; bei der Entwicklung von ihm, weil &#8220;es \u00e4ndert sich die Orientierung des Modells&#8221;.<\/p>\n<p>Die eine Pressekonferenz im Anschluss an den territorialen Rat des Systems der Autonomie und Aufmerksamkeit auf die Abh\u00e4ngigkeit, die an ihrem Hauptquartier im Ministerium in Madrid der Berater hat bereut entwickelt wurde also die vorgeschlagene Prime Wohn, die profitiert auftreten, in der famili\u00e4ren Umgebung, in Anbetracht dieser gem\u00e4\u00df der Dokumentation, die von Minister Ana Mato, geliefert wurde die Aufteilung der Mittel wird ge\u00e4ndert, um zu erkennen nicht nur die Mitarbeiter besuchte sondern auch f\u00fcr den Typ des Dienstes \u00fcbernehmen.<\/p>\n<p>F\u00fcr Montero ist &#8220;Paradox&#8221;, dass es dazu neigt, geben mehr Wert auf Wohn Ressourcen ohne technische Studien, die es so zu unterst\u00fctzen. In diesem Zusammenhang darauf hingewiesen, dass es wurden Abweichungen von einigen Gemeinden in dieser Hinsicht und stellte fest, dass diese \u00c4nderung des Modells in den gro\u00dfen St\u00e4dten, akzeptabel sind wo es so viele famili\u00e4re Netze, die Pflege der Mitarbeiter, jedoch nicht in einer l\u00e4ndlichen Gemeinde wie Andalusien, &#8220;wo ist die Einstellung der Menschen zu Hause zu folgen&#8221;.<\/p>\n<p>Aus seiner Sicht der Reichtum des Gesetzes liegt in der Sozialarbeiter in jedem Fall sind die besten Ressourcen f\u00fcr jeden Benutzer bestimmen und hat davor gewarnt, dass diese Ehrerbietung zu den wohnen-Diensten Autonome Gemeinschaften zuwendet, die versucht &#8220;eine gute Investition in Immobilien und da\u00df sie jetzt Schwierigkeiten, sie zu f\u00fcllen haben gemacht haben&#8221;.<\/p>\n<p>Der andalusischen Berater hatte bereits zu Beginn der Sitzung, die die Regierung im Sozial- und Abh\u00e4ngigkeit K\u00fcrzungen gewarnt werden auf Risiko 7.000 Arbeitspl\u00e4tze aus der h\u00e4uslichen Pflege in Andalusien und hatte bedauert, sowie Steigerung des wirtschaftlichen Beitrags der Benutzer, &#8220;Dienstleistungen werden institutionalisieren&#8221;.<\/p>\n","protected":false},"excerpt":{"rendered":"<p>MADRID, 10 (EUROPA PRESS) Der Minister f\u00fcr Gesundheit und Soziales von der Junta de Andaluc\u00eda, Mar\u00eda Jes\u00fas Montero, bedauert Dienstag mit der Reform des Rechts der pers\u00f6nlichen Autonomie und Pflege-Abh\u00e4ngigkeit &#8220;Kickback&#8221; bei der Entwicklung von ihm, weil &#8220;es \u00e4ndert sich die Orientierung des Modells&#8221;. Die eine Pressekonferenz im Anschluss an den territorialen Rat des Systems [&hellip;]<\/p>\n","protected":false},"author":1,"featured_media":0,"comment_status":"close","ping_status":"open","sticky":false,"template":"","format":"standard","meta":{"footnotes":""},"categories":[3],"tags":[47319],"class_list":["post-38765","post","type-post","status-publish","format-standard","hentry","category-allgemeine","tag-krebsfrei","et-doesnt-have-format-content","et_post_format-et-post-format-standard"],"_links":{"self":[{"href":"https:\/\/www.best-dentist-dentistry.com\/de\/wp-json\/wp\/v2\/posts\/38765","targetHints":{"allow":["GET"]}}],"collection":[{"href":"https:\/\/www.best-dentist-dentistry.com\/de\/wp-json\/wp\/v2\/posts"}],"about":[{"href":"https:\/\/www.best-dentist-dentistry.com\/de\/wp-json\/wp\/v2\/types\/post"}],"author":[{"embeddable":true,"href":"https:\/\/www.best-dentist-dentistry.com\/de\/wp-json\/wp\/v2\/users\/1"}],"replies":[{"embeddable":true,"href":"https:\/\/www.best-dentist-dentistry.com\/de\/wp-json\/wp\/v2\/comments?post=38765"}],"version-history":[{"count":0,"href":"https:\/\/www.best-dentist-dentistry.com\/de\/wp-json\/wp\/v2\/posts\/38765\/revisions"}],"wp:attachment":[{"href":"https:\/\/www.best-dentist-dentistry.com\/de\/wp-json\/wp\/v2\/media?parent=38765"}],"wp:term":[{"taxonomy":"category","embeddable":true,"href":"https:\/\/www.best-dentist-dentistry.com\/de\/wp-json\/wp\/v2\/categories?post=38765"},{"taxonomy":"post_tag","embeddable":true,"href":"https:\/\/www.best-dentist-dentistry.com\/de\/wp-json\/wp\/v2\/tags?post=38765"}],"curies":[{"name":"wp","href":"https:\/\/api.w.org\/{rel}","templated":true}]}}