{"id":38767,"date":"2013-12-25T02:46:49","date_gmt":"2013-12-25T02:46:49","guid":{"rendered":null},"modified":"-0001-11-30T00:00:00","modified_gmt":"-0001-11-30T00:00:00","slug":"portuguese-doctors-answer-settings-with-the-biggest-strike-in-its-history","status":"publish","type":"post","link":"https:\/\/www.best-dentist-dentistry.com\/de\/portuguese-doctors-answer-settings-with-the-biggest-strike-in-its-history\/38767","title":{"rendered":"Portugiesische \u00c4rzte beantworten Einstellungen mit den gr\u00f6\u00dften Streik in der Geschichte"},"content":{"rendered":"<p class=\"first\"> Lissabon, 11 jul (EFE).-die portugiesischen \u00c4rzte heute massiv gegen die Volksgesundheit Einstellungen mobilisiert und lassen Sie die minimale Gesundheitsdienste am ersten Tag einen 48-Stunden-Streik als die gr\u00f6\u00dfte in der Geschichte der Industrie.<\/p>\n<p>Arbeitslosigkeit wurde gemeinsam von erstmals seit 25 Jahren vom offiziellen College von \u00c4rzten gewonnen und seine beiden gro\u00dfen Gewerkschaften organisiert.<\/p>\n<p>Laut Sprecher f\u00fcr diese neuesten Organisationen, Mitgliedschaft war \u00fcber 90 Prozent und f\u00fchrte dar\u00fcber hinaus an einer Protestkundgebung vor dem Hauptquartier des Ministeriums f\u00fcr Gesundheit in Lissabon.<\/p>\n<p>In der zentralen Avenida Joao Crisostomo der Hauptstadt versammelten sich Tausende \u00c4rzte zwischen 2.000 und 4.000, nach den Zahlen von Ausstellungsst\u00e4nden, nicht von den Beh\u00f6rden kommentiert.<\/p>\n<p>Von sehr unterschiedlichen Alters, aber alle gekleidet in den traditionellen wei\u00dfen Gewand und schwarze Armb\u00e4nder, Demonstranten protestierten gegen die portugiesische Regierung Gesundheit K\u00fcrzungen.<\/p>\n<p>Der Streik, die bis morgen Abend dauern wird, darf nur die Funktionsweise der Dringlichkeiten und einige Abfragen der wichtigsten portugiesischen Gesundheitsdienste, die heute mit einer Reihe von \u00c4rzten gearbeitet, die \u00e4hnlich den Sonn- und Feiertagen ist.<\/p>\n<p>The Executive aber keinen Daten \u00fcber die Auswirkungen des Protestes, obwohl die Medien vereinbart, Gesundheitszentren und Krankenhaus Konsultationen der Gro\u00dfst\u00e4dte des Landes fast leer gewesen.<\/p>\n<p>Im Visier der \u00c4rzte sind die Anpassungen und Reformen von der portugiesischen Regierung f\u00fcr den Sektor, der nach Ansicht der \u00c4rzte des \u00f6ffentlichen Gesundheitswesens gef\u00e4hrdet.<\/p>\n<p>Angewendet, indem die konservative Executive Kosteneinsparungen sind Teil der schweren Sparma\u00dfnahmen getroffenen Ma\u00dfnahmen in den vergangenen Monaten das \u00f6ffentliche Defizit und erf\u00fcllen ihren Verpflichtungen gegen\u00fcber der Europ\u00e4ischen Union und der Internationale W\u00e4hrungsfonds als Gegenleistung f\u00fcr seine finanzielle Hilfe.<\/p>\n<p>Seit Anfang dieses Jahres, Portugiesen bezahlen fast zweimal die f\u00fcr bestimmte Dienstleistungen im Gesundheitswesen -, dass in Portugal war es &#8220;copay&#8221;-, wie die allgemeine Medizin Konsultationen und famili\u00e4ren (von 2,25 bis 5 Euro), Notfall (von 8.6 bis zwischen 15 und 20 Euro) und Beratungen zu Hause (von 4,8 auf 10 Euro).<\/p>\n<p>Die Entscheidung der \u00c4rzte gehen auf Streik kam, jedoch, als die Regierung begann, Gesundheitsdienste mit privaten Unternehmen auszulagern.<\/p>\n<p>&#8220;Er tat, dass Sie uns Geduld beendet,&#8221; heute in einer Erkl\u00e4rung sagte EFE Armando Brito, der 54 Jahre und Familie von Quinta Conde Lissabon Gesundheitszentrum Arzt.<\/p>\n<p>Brito kritisiert Pl\u00e4ne, Ausschreibungen an private Unternehmen zu vergeben, dass sie dann \u00c4rzte weiterzuvergeben vor\u00fcbergehend oder als Freiberufler, &#8220;den besten Preis angeboten,&#8221; ohne Kennzeichnung einer Mindestgrenze.<\/p>\n<p>Der Leiter der \u00c4rztekammer Luso, Jos\u00e9 Manuel Silva, warnte letzte Woche, dass mit dieser Politik Sie \u00c4rzte f\u00fcr weniger als drei Euro die Stunde mieten k\u00f6nnte wenn sie acht bis zehn Euro inzwischen.<\/p>\n<p>&#8220;sie sind K\u00fcrzungen vorgenommen, ohne hinzusehen, blind, und die Einstellung der \u00c4rzte, die am st\u00e4rksten gef\u00e4hrdeten, keine alternative, manchmal auch ohne so viel Training f\u00fchren w\u00fcrde wie es jetzt ist, die zu einer Verschlechterung des Service f\u00fcr den Patienten f\u00fchren w\u00fcrde&#8221;, sagte Alberto Brito.<\/p>\n<p>In der Tat, die Profis zusammengekommen, au\u00dferhalb des Ministeriums durchgef\u00fchrt-Plakate und Aufkleber gegebenenfalls ihre Anspr\u00fcche zu verteidigen, das Recht der B\u00fcrger auf einen gesundheitlichen Qualit\u00e4t.<\/p>\n<p>Auch erinnert an den &#8220;Erfolg&#8221; durch das nationale Gesundheitssystem, vor 30 Jahren, und was dazu beigetragen hat, dass Portugal die Positionierung als eines der L\u00e4nder in der Welt mit der niedrigsten Rate der Kindersterblichkeit, andere Indikatoren der.<\/p>\n<p>Die Auswirkungen der K\u00fcrzungen wurde auch durch die Informationsstelle portugiesische Systeme der Gesundheit, die Richtlinieneinstellungen gewarnt gewarnt und die Verarmung der Bev\u00f6lkerung behindert den Zugang der B\u00fcrger zu Gesundheit.<\/p>\n","protected":false},"excerpt":{"rendered":"<p>Lissabon, 11 jul (EFE).-die portugiesischen \u00c4rzte heute massiv gegen die Volksgesundheit Einstellungen mobilisiert und lassen Sie die minimale Gesundheitsdienste am ersten Tag einen 48-Stunden-Streik als die gr\u00f6\u00dfte in der Geschichte der Industrie. Arbeitslosigkeit wurde gemeinsam von erstmals seit 25 Jahren vom offiziellen College von \u00c4rzten gewonnen und seine beiden gro\u00dfen Gewerkschaften organisiert. Laut Sprecher f\u00fcr [&hellip;]<\/p>\n","protected":false},"author":1,"featured_media":0,"comment_status":"close","ping_status":"open","sticky":false,"template":"","format":"standard","meta":{"footnotes":""},"categories":[3],"tags":[47319],"class_list":["post-38767","post","type-post","status-publish","format-standard","hentry","category-allgemeine","tag-krebsfrei","et-doesnt-have-format-content","et_post_format-et-post-format-standard"],"_links":{"self":[{"href":"https:\/\/www.best-dentist-dentistry.com\/de\/wp-json\/wp\/v2\/posts\/38767","targetHints":{"allow":["GET"]}}],"collection":[{"href":"https:\/\/www.best-dentist-dentistry.com\/de\/wp-json\/wp\/v2\/posts"}],"about":[{"href":"https:\/\/www.best-dentist-dentistry.com\/de\/wp-json\/wp\/v2\/types\/post"}],"author":[{"embeddable":true,"href":"https:\/\/www.best-dentist-dentistry.com\/de\/wp-json\/wp\/v2\/users\/1"}],"replies":[{"embeddable":true,"href":"https:\/\/www.best-dentist-dentistry.com\/de\/wp-json\/wp\/v2\/comments?post=38767"}],"version-history":[{"count":0,"href":"https:\/\/www.best-dentist-dentistry.com\/de\/wp-json\/wp\/v2\/posts\/38767\/revisions"}],"wp:attachment":[{"href":"https:\/\/www.best-dentist-dentistry.com\/de\/wp-json\/wp\/v2\/media?parent=38767"}],"wp:term":[{"taxonomy":"category","embeddable":true,"href":"https:\/\/www.best-dentist-dentistry.com\/de\/wp-json\/wp\/v2\/categories?post=38767"},{"taxonomy":"post_tag","embeddable":true,"href":"https:\/\/www.best-dentist-dentistry.com\/de\/wp-json\/wp\/v2\/tags?post=38767"}],"curies":[{"name":"wp","href":"https:\/\/api.w.org\/{rel}","templated":true}]}}