{"id":38789,"date":"2013-12-25T02:49:39","date_gmt":"2013-12-25T02:49:39","guid":{"rendered":null},"modified":"-0001-11-30T00:00:00","modified_gmt":"-0001-11-30T00:00:00","slug":"doctors-optimistic-by-the-progress-in-the-rehabilitation-of-the-colombian-vice-president","status":"publish","type":"post","link":"https:\/\/www.best-dentist-dentistry.com\/de\/doctors-optimistic-by-the-progress-in-the-rehabilitation-of-the-colombian-vice-president\/38789","title":{"rendered":"\u00c4rzte optimistisch durch die Fortschritte in der Rehabilitation von den kolumbianischen Vizepr\u00e4sidenten"},"content":{"rendered":"<p class=\"first\"> Bogota, 18 jul (EFE).-das \u00c4rzteteam, die k\u00fcmmert sich um die kolumbianische Vizepr\u00e4sident Angelino Garzon, sagte heute optimistisch Fortschritte bei seiner Rehabilitation nach der Entlassung nach Leiden eine zerebrale Isch\u00e4mie, mit denen er interniert 19 Tage war.<\/p>\n<p>&#8220;The Lord Vice President kommuniziert ohne Schwierigkeiten, mobilisiert ihre vier Gliedma\u00dfen und kognitiv hat guten Leistung&#8221;, sagte der Generaldirektor von der Klinik f\u00fcr die Universit\u00e4t La Sabana, Juan Guillermo Ortiz, durch eine Pressemitteilung.<\/p>\n<p>F\u00fcgt hinzu, dass nach einer Woche gestartete interdisziplin\u00e4re Programm der Rehabilitation (PIR), die Entwicklung der Garzon, der 65 Jahre gehabt hat &#8220;erlaubt das therapeutische Team sehr optimistisch mit Recovery&#8221;.<\/p>\n<p>Darauf hinweisen, dass das \u00c4rzteteam, die k\u00fcmmert sich um die Vice-Pr\u00e4sident, der zu Hause ist, 10 Spezialisten in den Bereichen Neurologie, Physiotherapie, Ergotherapie, Logop\u00e4die, Psychologie, Neuropsychologie, soziale Arbeit und Rehabilitation Krankenpflege umfasst.<\/p>\n<p>Der vergangenen Juli erhielt 6 Garz\u00f3n High-K\u00f6nigin-Sofia-Klinik in Bogot\u00e1, wo es 19 Tage war nach Leiden eine zerebrale Isch\u00e4mie.<\/p>\n<p>Garzon er, von Juni 14 interniert wurde, leiden offenbar von einem Prostata-Infektion, aber nach ein paar Tagen in der Klinik wurde pr\u00e4sentiert Hirngef\u00e4\u00dferkrankungen im Zwischenhirn, Punkt festgelegt, die mehrere lebenswichtige Funktionen und die Dringlichkeit betrieben wurde.<\/p>\n<p>19 Juni trat die Einheit der Intensivstation (ICU) das war gehalten Ruhe Gehirn f\u00fcr eine Woche, bis er wachte auf und begann seine Situation positiv weiterentwickeln.<\/p>\n<p>Garzon, der Extraktion des Vereins, wurde der Vizepr\u00e4sident als Running Mate von Juan Manuel Santos, gedient hatte als Arbeitsminister in der Regierung Andr\u00e9s Pastrana (1998-2002) und als Botschafter in Genf bei den Vereinten Nationen w\u00e4hrend der Pr\u00e4sidentschaft \u00c1lvaro Uribe (2002-2010).<\/p>\n<p>&#8220;The Lord Vice President kommuniziert ohne Schwierigkeiten, mobilisiert ihre vier Gliedma\u00dfen und kognitiv hat guten Leistung&#8221;, sagte der Generaldirektor von der Klinik f\u00fcr die Universit\u00e4t La Sabana, Juan Guillermo Ortiz. WireImage \/<\/p>\n","protected":false},"excerpt":{"rendered":"<p>Bogota, 18 jul (EFE).-das \u00c4rzteteam, die k\u00fcmmert sich um die kolumbianische Vizepr\u00e4sident Angelino Garzon, sagte heute optimistisch Fortschritte bei seiner Rehabilitation nach der Entlassung nach Leiden eine zerebrale Isch\u00e4mie, mit denen er interniert 19 Tage war. &#8220;The Lord Vice President kommuniziert ohne Schwierigkeiten, mobilisiert ihre vier Gliedma\u00dfen und kognitiv hat guten Leistung&#8221;, sagte der Generaldirektor [&hellip;]<\/p>\n","protected":false},"author":1,"featured_media":0,"comment_status":"close","ping_status":"open","sticky":false,"template":"","format":"standard","meta":{"footnotes":""},"categories":[3],"tags":[47324],"class_list":["post-38789","post","type-post","status-publish","format-standard","hentry","category-allgemeine","tag-legionellen-ausbruch","et-doesnt-have-format-content","et_post_format-et-post-format-standard"],"_links":{"self":[{"href":"https:\/\/www.best-dentist-dentistry.com\/de\/wp-json\/wp\/v2\/posts\/38789","targetHints":{"allow":["GET"]}}],"collection":[{"href":"https:\/\/www.best-dentist-dentistry.com\/de\/wp-json\/wp\/v2\/posts"}],"about":[{"href":"https:\/\/www.best-dentist-dentistry.com\/de\/wp-json\/wp\/v2\/types\/post"}],"author":[{"embeddable":true,"href":"https:\/\/www.best-dentist-dentistry.com\/de\/wp-json\/wp\/v2\/users\/1"}],"replies":[{"embeddable":true,"href":"https:\/\/www.best-dentist-dentistry.com\/de\/wp-json\/wp\/v2\/comments?post=38789"}],"version-history":[{"count":0,"href":"https:\/\/www.best-dentist-dentistry.com\/de\/wp-json\/wp\/v2\/posts\/38789\/revisions"}],"wp:attachment":[{"href":"https:\/\/www.best-dentist-dentistry.com\/de\/wp-json\/wp\/v2\/media?parent=38789"}],"wp:term":[{"taxonomy":"category","embeddable":true,"href":"https:\/\/www.best-dentist-dentistry.com\/de\/wp-json\/wp\/v2\/categories?post=38789"},{"taxonomy":"post_tag","embeddable":true,"href":"https:\/\/www.best-dentist-dentistry.com\/de\/wp-json\/wp\/v2\/tags?post=38789"}],"curies":[{"name":"wp","href":"https:\/\/api.w.org\/{rel}","templated":true}]}}