{"id":38795,"date":"2014-01-01T02:47:02","date_gmt":"2014-01-01T02:47:02","guid":{"rendered":null},"modified":"-0001-11-30T00:00:00","modified_gmt":"-0001-11-30T00:00:00","slug":"the-constitutional-lifts-the-suspension-injunction-against-the-decision-which-applied-the-auction-of-drugs","status":"publish","type":"post","link":"https:\/\/www.best-dentist-dentistry.com\/de\/the-constitutional-lifts-the-suspension-injunction-against-the-decision-which-applied-the-auction-of-drugs\/38795","title":{"rendered":"Das Verfassungsgericht hebt die Aussetzung einstweilige Verf\u00fcgung gegen die Entscheidung, die die Versteigerung der Drogen angewendet"},"content":{"rendered":"<p class=\"first\"> Sevilla, 19 (EUROPA PRESS)<\/p>\n<p>Der andalusischen Minister f\u00fcr Gesundheit und Soziales, Mar\u00eda Jes\u00fas Montero, Donnerstag angek\u00fcndigt, dass das Plenum des Verfassungsgerichts beschlossen hat, die Aussetzungsanordnung heben f\u00fcnf Monaten wog seit April letzten Jahres \u00fcber die Entschlie\u00dfung der SAS, die in der Praxis die \u00f6ffentliche Versteigerung von Medikamenten in Andalusien, ein gewisses Ma\u00df an Einsparungen, die die Industrie-Abteilung gehofft \u00fcberpr\u00fcft zu 40 Millionen Euro sparen.<\/p>\n<p>Dieser Betrag reduziert werden w\u00fcrde, nach etwas mehr als 20 Millionen Euro, wenn der Vorstand mindestens neun der 13 Pr\u00e4sentationen Pharmalabors die w\u00e4hlte und stieg mit dem ersten \u00f6ffentlichen Ausschreibung-Wettbewerb an den Markt und nicht die unteren, Preis niedrigster Preis Anpassung auch an die \u00c4nderung, die der Zentralregierung von seiner k\u00f6niglichen Dekret Gesetz RDL\/16\/2012 gemacht hatte verstanden<\/p>\n<p>Im Gespr\u00e4ch mit Europa Press, Montero wurde angegeben, dass die Aufhebung der Aussetzung einstweilige Verf\u00fcgung gegen die Entscheidung des Managements von der SAS das gr\u00fcnes Licht, die erste Ausschreibung der Molek\u00fcle wurde, nicht gegen gab die gesamte Decreto legislativo des 13. Dezember 2011, die genau der Ministerrat am Freitag 13 Juli vereinbart auch Abhilfe zu schaffen, der verfassungswidrig.<\/p>\n<p>In jedem Fall des Besitzers Gesundheit hat wurde \u00fcberzeugt, da\u00df die Meinung der Verfassungsgerichte der Gesetzesverordnung als Ganzes eine \u00e4hnliche Oberfl\u00e4che. &#8220;Wenn die Regierung die Aussetzungsanordnung anfordert werden Decreto-Lei, das w\u00e4re sehr gerechtfertigt, zu diesem Zeitpunkt nach der Aufhebung der Aussetzung der Entscheidung jetzt, ich verstehe, dass die Gr\u00fcnde, dass TC argumentiert hat, um die Aussetzung im ersten Fall aufzuheben, sehr \u00e4hnlich der des Decreto legislativo&#8221;.<\/p>\n<p>&#8220;Wir haben immer verteidigt, f\u00fcr die Aufhebung der Aussetzung, die nicht in die Unterseite des Problems, passt die war eine L\u00e4sion der Einsparungen, die Prognose in pharmazeutische Ausgaben, die wir, auch gef\u00fchrt hatten produziert integrierte ausgleichenden Plan des Vorstands&#8221;, die dar\u00fcber hinaus versuchten, das Ziel der \u00f6ffentlichen Defizite durch die Zentralregierung festgelegt anzupassen.<\/p>\n<p>&#8220;Sprach auch \u00fcber die Sch\u00e4den, die an den Pharmaunternehmen verursacht wird, die die Molek\u00fcle in Auktion, da die Zeitspanne, die erneut erhalten, bis schlie\u00dflich die verfassungsm\u00e4\u00dfige Entscheidung w\u00fcrden bedeuten, dass ein Verlust f\u00fcr diese Labors f\u00fcr die Verz\u00f6gerung bei den Verkauf dieser Produkte Verkauf prognostizieren, dass schon gemacht hatte und mit der vorherigen Investition erhalten hatte&#8221;Montero als Gr\u00fcnde f\u00fcr ihre Argumentation hinzugef\u00fcgt.<\/p>\n<p>ANDALUSISCHE Pharma<\/p>\n<p>War auch beeinflussen, die seiner Ansicht nach die Gemeinschaft &#8220;in dieser Angelegenheit zust\u00e4ndig ist&#8221;. F\u00fcr seinen Teil, der Pr\u00e4sident des Rates-andalusischen Colleges der Apotheker, Antonio Mingorance, gesagt Europa Press sagte, dass die andalusischen-Apotheker &#8220;wir einen verwalteten auf&#8221; dieser Frage nach wie vor &#8220;ein Kompetenzkonflikt zwischen der Zentralregierung und der Regionalregierung von Andalusien und die konstitutionelle beheben zu m\u00fcssen&#8221;.<\/p>\n<p>&#8220;\u00dcber die Ausf\u00fchrungen des konstitutionellen kann wenig sagen da, wie wir in den letzten Monaten zu diesem Thema ge\u00e4u\u00dfert wurden, die andalusischen Apotheker blo\u00dfe sind in diesem Kompetenzkonflikt verwaltet&#8221;, hat darauf bestanden, Minorasen.<\/p>\n<p>, Hat erkannt, dass in der Praxis die Versteigerung der Drogen in Andalusien bereits arbeitete f\u00fcr diese neun Molek\u00fcle, &#8220;da wir eine Bestellung mitgeteilt durch den Manager des SAS hatten und was wir taten dieser kommunizierten Reihenfolge die hatte, unter anderem deshalb, Einhaltung war weil die USA nicht verpflichtet, die durch die Reihenfolge unserer Leitungsorgan zu halten warDas wurde dann durch die Reihenfolge der Regierung der Nation appelliert&#8221;<\/p>\n","protected":false},"excerpt":{"rendered":"<p>Sevilla, 19 (EUROPA PRESS) Der andalusischen Minister f\u00fcr Gesundheit und Soziales, Mar\u00eda Jes\u00fas Montero, Donnerstag angek\u00fcndigt, dass das Plenum des Verfassungsgerichts beschlossen hat, die Aussetzungsanordnung heben f\u00fcnf Monaten wog seit April letzten Jahres \u00fcber die Entschlie\u00dfung der SAS, die in der Praxis die \u00f6ffentliche Versteigerung von Medikamenten in Andalusien, ein gewisses Ma\u00df an Einsparungen, die [&hellip;]<\/p>\n","protected":false},"author":1,"featured_media":0,"comment_status":"close","ping_status":"open","sticky":false,"template":"","format":"standard","meta":{"footnotes":""},"categories":[3],"tags":[47327,47326],"class_list":["post-38795","post","type-post","status-publish","format-standard","hentry","category-allgemeine","tag-einstweilige","tag-meineuu","et-doesnt-have-format-content","et_post_format-et-post-format-standard"],"_links":{"self":[{"href":"https:\/\/www.best-dentist-dentistry.com\/de\/wp-json\/wp\/v2\/posts\/38795","targetHints":{"allow":["GET"]}}],"collection":[{"href":"https:\/\/www.best-dentist-dentistry.com\/de\/wp-json\/wp\/v2\/posts"}],"about":[{"href":"https:\/\/www.best-dentist-dentistry.com\/de\/wp-json\/wp\/v2\/types\/post"}],"author":[{"embeddable":true,"href":"https:\/\/www.best-dentist-dentistry.com\/de\/wp-json\/wp\/v2\/users\/1"}],"replies":[{"embeddable":true,"href":"https:\/\/www.best-dentist-dentistry.com\/de\/wp-json\/wp\/v2\/comments?post=38795"}],"version-history":[{"count":0,"href":"https:\/\/www.best-dentist-dentistry.com\/de\/wp-json\/wp\/v2\/posts\/38795\/revisions"}],"wp:attachment":[{"href":"https:\/\/www.best-dentist-dentistry.com\/de\/wp-json\/wp\/v2\/media?parent=38795"}],"wp:term":[{"taxonomy":"category","embeddable":true,"href":"https:\/\/www.best-dentist-dentistry.com\/de\/wp-json\/wp\/v2\/categories?post=38795"},{"taxonomy":"post_tag","embeddable":true,"href":"https:\/\/www.best-dentist-dentistry.com\/de\/wp-json\/wp\/v2\/tags?post=38795"}],"curies":[{"name":"wp","href":"https:\/\/api.w.org\/{rel}","templated":true}]}}