{"id":38878,"date":"2014-02-15T02:47:53","date_gmt":"2014-02-15T02:47:53","guid":{"rendered":null},"modified":"-0001-11-30T00:00:00","modified_gmt":"-0001-11-30T00:00:00","slug":"the-idibell-appoints-josa-manuel-menchan-new-scientific-director","status":"publish","type":"post","link":"https:\/\/www.best-dentist-dentistry.com\/de\/the-idibell-appoints-josa-manuel-menchan-new-scientific-director\/38878","title":{"rendered":"Die Idibell ernennt Jos\u00e9 Manuel Mench\u00f3n neuen wissenschaftlichen Direktor"},"content":{"rendered":"<p class=\"first\"> BARCELONA, 24 (EUROPA PRESS)<\/p>\n<p>The Board of Trustees des Instituts f\u00fcr biomedizinische Forschung der Bellvitge (Idibell) Dienstag gab die Ernennung von Jos\u00e9 Manuel Mench\u00f3n als neuer Direktor Wissenschaftler des Zentrums, das ab 1. Oktober, Gabriel Capell\u00e1, seit 2009 im Amt abl\u00f6sen wird.<\/p>\n<p>Menchon, 54, ist der Leiter der Forschungsgruppe Psychiatrie und psychische Gesundheit Idibell, Leiter der Abteilung f\u00fcr Psychiatrie der Bellvitge Hospital und Professor der Universitat de Barcelona (UB), das Zentrum in einer Erkl\u00e4rung sagte.<\/p>\n<p>Auch ist benannt worden, der Forscher Manel Esteller Leiter strategische Projekte, eine Geb\u00fchr von Neusch\u00f6pfung, infolge eines Treffens hielt heute Morgen.<\/p>\n<p>Esteller bezahlen und erh\u00f6hen die Sichtbarkeit der Forschung in der Mitte, neue Wege zur Finanzierung zu erhalten und neue Gesch\u00e4ftsm\u00f6glichkeiten zu generieren.<\/p>\n<p>Board, bestehend aus Vertretern der Fachbereiche Gesundheit und Wirtschaft, Hospital de Bellvitge, der katalanischen Institut f\u00fcr Onkologie und der Universitat de Barcelona (UB) hat die Arbeit von Capella, wer die verschiedenen Forschungsgruppen in jedem Fall reorganisiert hat gedankt.<\/p>\n","protected":false},"excerpt":{"rendered":"<p>BARCELONA, 24 (EUROPA PRESS) The Board of Trustees des Instituts f\u00fcr biomedizinische Forschung der Bellvitge (Idibell) Dienstag gab die Ernennung von Jos\u00e9 Manuel Mench\u00f3n als neuer Direktor Wissenschaftler des Zentrums, das ab 1. Oktober, Gabriel Capell\u00e1, seit 2009 im Amt abl\u00f6sen wird. Menchon, 54, ist der Leiter der Forschungsgruppe Psychiatrie und psychische Gesundheit Idibell, Leiter [&hellip;]<\/p>\n","protected":false},"author":1,"featured_media":0,"comment_status":"close","ping_status":"open","sticky":false,"template":"","format":"standard","meta":{"footnotes":""},"categories":[3],"tags":[47356],"class_list":["post-38878","post","type-post","status-publish","format-standard","hentry","category-allgemeine","tag-psoe-alarm-einstellungen","et-doesnt-have-format-content","et_post_format-et-post-format-standard"],"_links":{"self":[{"href":"https:\/\/www.best-dentist-dentistry.com\/de\/wp-json\/wp\/v2\/posts\/38878","targetHints":{"allow":["GET"]}}],"collection":[{"href":"https:\/\/www.best-dentist-dentistry.com\/de\/wp-json\/wp\/v2\/posts"}],"about":[{"href":"https:\/\/www.best-dentist-dentistry.com\/de\/wp-json\/wp\/v2\/types\/post"}],"author":[{"embeddable":true,"href":"https:\/\/www.best-dentist-dentistry.com\/de\/wp-json\/wp\/v2\/users\/1"}],"replies":[{"embeddable":true,"href":"https:\/\/www.best-dentist-dentistry.com\/de\/wp-json\/wp\/v2\/comments?post=38878"}],"version-history":[{"count":0,"href":"https:\/\/www.best-dentist-dentistry.com\/de\/wp-json\/wp\/v2\/posts\/38878\/revisions"}],"wp:attachment":[{"href":"https:\/\/www.best-dentist-dentistry.com\/de\/wp-json\/wp\/v2\/media?parent=38878"}],"wp:term":[{"taxonomy":"category","embeddable":true,"href":"https:\/\/www.best-dentist-dentistry.com\/de\/wp-json\/wp\/v2\/categories?post=38878"},{"taxonomy":"post_tag","embeddable":true,"href":"https:\/\/www.best-dentist-dentistry.com\/de\/wp-json\/wp\/v2\/tags?post=38878"}],"curies":[{"name":"wp","href":"https:\/\/api.w.org\/{rel}","templated":true}]}}