{"id":38881,"date":"2014-02-15T02:48:06","date_gmt":"2014-02-15T02:48:06","guid":{"rendered":null},"modified":"-0001-11-30T00:00:00","modified_gmt":"-0001-11-30T00:00:00","slug":"constituted-the-council-rector-of-the-institute-of-biomedicine-of-malaga-to-drive-research","status":"publish","type":"post","link":"https:\/\/www.best-dentist-dentistry.com\/de\/constituted-the-council-rector-of-the-institute-of-biomedicine-of-malaga-to-drive-research\/38881","title":{"rendered":"Der Rat Rektor der Institute of Biomedicine von Malaga konstituiert zu treiben Forschung"},"content":{"rendered":"<p class=\"first\"> MALAGA, 24 (EUROPA PRESS)<\/p>\n<p>Das Rektorat der Universit\u00e4t Malaga (UMA) begr\u00fc\u00dft die Einrichtung der Rat Rektor der Institute of Biomedicine von Malaga (Ibimer), die darauf abzielt, zu erh\u00f6hen, zusammen mit der Hochschule, Basic, klinische und Public Health-Forschung sowie die Translational mit besseren \u00dcbertragung der wissenschaftlichen Fortschritte in der Pr\u00e4vention, Diagnose und Behandlung von gesundheitlichen Problemen h\u00e4ufiger in Andalusien.<\/p>\n<p>El-Ibimer, deren Rat aus zwei Vertretern der Universit\u00e4t, zwei im regionalen Ministerium der Gesundheit der autonomen Regierung und zwei von der andalusischen Health Service (SAS besteht) ist eine multidisziplin\u00e4re biomedizinische Forschung, bestehend aus haupts\u00e4chlich regionale Krankenhaus von Malaga und der Virgen De La Victoria, zentriert an ein hohes Ma\u00df an Sorgfalt.<\/p>\n<p>Es ist offen f\u00fcr alle Zentren des Gesundheitswesens der Provinz Malaga, beide Grundversorgung und spezialisiert. Ziel ist ein multidisziplin\u00e4res und wettbewerbsf\u00e4higen biomedizinische Forschung auf internationaler Ebene \u00fcber die Ursachen von Krankheiten, die am h\u00e4ufigsten in der Bev\u00f6lkerung und die Entwicklung neuer Methoden zur Diagnose und Behandlung f\u00fcr die gleiche durchzuf\u00fchren.<\/p>\n<p>In the Act wurde die Ernennung des Direktors, stellvertretender Direktor und Leiter der Ibimer, Federico Soriguer, Maribel Lucena, Itziar Ochotorena. Rufen Sie f\u00fcr die Aufnahme der Forschungsgruppen, wurde an diese Stelle, als auch \u00fcber den Grundstein f\u00fcr die Komposition des externen wissenschaftlichen Beirats vorgestellt.<\/p>\n<p>Die Verfassung des Rates besucht, unter anderem der Rektor AMU, Adelaide Street, Vizerektor der Universit\u00e4t Koordination, Jos\u00e9 \u00c1ngel Narv\u00e1ez, CEO von Qualit\u00e4t, Forschung, Entwicklung und Innovation des Ministeriums f\u00fcr Gesundheit, Jer\u00f3nimo Pach\u00f3n; CEO von SAS, Jos\u00e9 Luis Guti\u00e9rrez; das Krankenhaus Virgen De La Victoria, Tom\u00e1s Urda und der Generaldirektor der Foundation Manager Fortschritt und GesundheitJuan Jesus Fahne.<\/p>\n<p>Absolventen Architektur<\/p>\n<p>Auf der anderen Seite, da UMA berichtet durch eine Pressemitteilung, dass der Escuela T\u00e9cnica Superior de Arquitectura bereits seine ersten f\u00fcnf Absolventen, seit Juli 19 seinen Abschluss studiert vier Studenten des Zentrums Beitritt Ana Garc\u00eda Puyol, die letztes Jahr abgeschlossen.<\/p>\n<p>Alejandro Garc\u00eda Ramos, Jaime Munn\u00e9 Fuentes, Plaza Patricia Garc\u00eda und Carmen D\u00edaz S\u00e1nchez erhalten die positive Einsch\u00e4tzung der Bewertung des Ausschusses f\u00fcr ihre endg\u00fcltige Projekte in Bef\u00fcrworter Kulturr\u00e4ume f\u00fcr Bildung und Wissenschaft.<\/p>\n<p>Werke, die als Enklave im Altbau der Astoria-Kinos in der Plaza De La Merced, nehmen streben Zusammenarbeit zwischen der Fakult\u00e4t f\u00fcr Architektur und Stadt. Dar\u00fcber hinaus verfolgen Studenten mit diesen \u00dcbungen auch zeigen, dass es andere M\u00f6glichkeiten gibt, von der etablierten Architektur unterscheiden.<\/p>\n<p>In diesem Sinne Alejandro Garc\u00eda sagte, dass &#8220;Architektur werden, als bearbeitbare Prozess in welche Modi des Lebens stattfinden und wo der Benutzer Verbraucher an Teilnehmer in das Abenteuer der Verwirklichung der eigenen Wohnung \u00fcbergibt verstanden sollte&#8221;.<\/p>\n","protected":false},"excerpt":{"rendered":"<p>MALAGA, 24 (EUROPA PRESS) Das Rektorat der Universit\u00e4t Malaga (UMA) begr\u00fc\u00dft die Einrichtung der Rat Rektor der Institute of Biomedicine von Malaga (Ibimer), die darauf abzielt, zu erh\u00f6hen, zusammen mit der Hochschule, Basic, klinische und Public Health-Forschung sowie die Translational mit besseren \u00dcbertragung der wissenschaftlichen Fortschritte in der Pr\u00e4vention, Diagnose und Behandlung von gesundheitlichen Problemen [&hellip;]<\/p>\n","protected":false},"author":1,"featured_media":0,"comment_status":"close","ping_status":"open","sticky":false,"template":"","format":"standard","meta":{"footnotes":""},"categories":[3],"tags":[47357,47358],"class_list":["post-38881","post","type-post","status-publish","format-standard","hentry","category-allgemeine","tag-bedarfs","tag-biomedicine","et-doesnt-have-format-content","et_post_format-et-post-format-standard"],"_links":{"self":[{"href":"https:\/\/www.best-dentist-dentistry.com\/de\/wp-json\/wp\/v2\/posts\/38881","targetHints":{"allow":["GET"]}}],"collection":[{"href":"https:\/\/www.best-dentist-dentistry.com\/de\/wp-json\/wp\/v2\/posts"}],"about":[{"href":"https:\/\/www.best-dentist-dentistry.com\/de\/wp-json\/wp\/v2\/types\/post"}],"author":[{"embeddable":true,"href":"https:\/\/www.best-dentist-dentistry.com\/de\/wp-json\/wp\/v2\/users\/1"}],"replies":[{"embeddable":true,"href":"https:\/\/www.best-dentist-dentistry.com\/de\/wp-json\/wp\/v2\/comments?post=38881"}],"version-history":[{"count":0,"href":"https:\/\/www.best-dentist-dentistry.com\/de\/wp-json\/wp\/v2\/posts\/38881\/revisions"}],"wp:attachment":[{"href":"https:\/\/www.best-dentist-dentistry.com\/de\/wp-json\/wp\/v2\/media?parent=38881"}],"wp:term":[{"taxonomy":"category","embeddable":true,"href":"https:\/\/www.best-dentist-dentistry.com\/de\/wp-json\/wp\/v2\/categories?post=38881"},{"taxonomy":"post_tag","embeddable":true,"href":"https:\/\/www.best-dentist-dentistry.com\/de\/wp-json\/wp\/v2\/tags?post=38881"}],"curies":[{"name":"wp","href":"https:\/\/api.w.org\/{rel}","templated":true}]}}