{"id":3892,"date":"2012-03-03T00:00:00","date_gmt":"2012-03-03T00:00:00","guid":{"rendered":null},"modified":"-0001-11-30T00:00:00","modified_gmt":"-0001-11-30T00:00:00","slug":"forum-dental-mediterranean-2013-will-enhance-its-congressional-agenda-and-its-internationality","status":"publish","type":"post","link":"https:\/\/www.best-dentist-dentistry.com\/de\/forum-dental-mediterranean-2013-will-enhance-its-congressional-agenda-and-its-internationality\/3892","title":{"rendered":"Forum dentystyczne \u015br\u00f3dziemnomorskich 2013 zwi\u0119kszy jego Okr\u0119g wyborczy porz\u0105dku obrad i jego zasi\u0119g mi\u0119dzynarodowy"},"content":{"rendered":"<p><font   size=\"2\"> <strong><font size=\"3\"> dentystyczne 2013 \u015br\u00f3dziemnomorskie forum zwi\u0119kszy jego Okr\u0119g wyborczy porz\u0105dku obrad i jego zasi\u0119g mi\u0119dzynarodowy<\/font> <\/p>\n<p> jest zgromadzenie tylko tego obszaru w Hiszpanii, zawieraj\u0105cy wystawy handlowe i naukowych Kongres <\/p>\n<p> Barcelona, marca 2012.-<\/strong> profesjonalist\u00f3w, kt\u00f3rzy chc\u0105 wiedzie\u0107, najnowsze tendencje, innowacje, grup dyskusyjnych i sektor zdrowia aktualnych dentystyczne maj\u0105 terminu na forum dentystyczne Morza \u015ar\u00f3dziemnegoFDM, kt\u00f3re odb\u0119dzie si\u0119 od 11 do 13 kwietnia 2013. Zorganizowane po raz pierwszy przez Fira de Barcelona przy wsp\u00f3\u0142pracy College dentyst\u00f3w i stomatologists Katalonii (COEC), nast\u0119pne wydanie g\u0142\u00f3wne cele s\u0105 wzmocnienie, kt\u00f3re ich krajow\u0105 przyw\u00f3dztwo jako platforma handlowa tego obszaru, skonsolidowa\u0107 jako Wielki punkt wyst\u0105pi\u0107 i wymiany wiedzy sektora i zwi\u0119kszenia jego zasi\u0119g mi\u0119dzynarodowy. <\/p>\n<p>Dentystyczne \u015ar\u00f3dziemnomorskie Forum poka\u017ce potencja\u0142u przemys\u0142u dentystyczne krajowym i mi\u0119dzynarodowym, kt\u00f3rych sprzeda\u017c na poziomie europejskim rejestrowane wzrost o 1,5% w 2011 r. pomimo kryzysu gospodarczego, zgodnie z europejskiego przemys\u0142u dentysty ze wzgl\u0119du na Montju\u00efc Fira de Barcelona. Biennale, FDM b\u0119d\u0105 mia\u0142y obszarem wystawy i naukowych Kongresu, pr\u00f3buj\u0105c\u0105 zjednoczenie Ponadto przemys\u0142 i wykonywania zawodu. Oferty b\u0119dzie obejmowa\u0107 wszystkie rodzaje produkt\u00f3w oraz us\u0142ug zwi\u0105zanych z tego obszaru, od urz\u0105dze\u0144 dentystycznych przychodni i laboratori\u00f3w protezy, wersja instrumentalna, mebli i dostaw, implantology i str\u00f3j, mi\u0119dzy innymi. <\/p>\n<p>Ze swej strony, Kongresu, kt\u00f3ry b\u0119dzie koncentrowa\u0107 si\u0119 na b\u0119dzie stomatologii w niedalekiej przysz\u0142o\u015bci b\u0119dzie si\u0119 struktur\u0119 na trzy zagadnienia przekrojowe stosowane do Praktyka stomatologiczna: diagnozowania w 3D, powi\u0119kszenie w stomatologii i systemami CAD\/CAM. B\u0119dzie r\u00f3wnie\u017c sesje maj\u0105ce na celu prosthetic i W\u00fcrzburgu dentystycznych i logoped\u00f3w, niekt\u00f3rych zawod\u00f3w, United i koordynowane, stanowi\u0105 dentystyczne zespo\u0142u. <\/p>\n<p>Aby Dr Josep Llu\u00eds Navarro, prezydent stowarzyszenia Professional dentyst\u00f3w i stomatologists w Katalonii (COEC) z FDM,  stomatologii jest jednym z filar\u00f3w opieki zdrowotnej oraz jego wizji w\u0142\u0105cznie maj\u0105 zasadnicze znaczenie w nowoczesnych i konkurencyjnego systemu opieki zdrowotnej &#8221;. W tym sensie, Kongres ma na celu promowanie  trosk\u0119 i dynamiki zaw\u00f3d, kt\u00f3ry d\u0105\u017cy do utrzymania priorytet zas\u0142u\u017cy\u0142 i samodoskonalenia poprzez ci\u0105g\u0142e szkolenia &#8221;, m\u00f3wi Navarro. <\/p>\n<p>Ten wiersz wyra\u017ca r\u00f3wnie\u017c FDM, Roger Mitjana, dyrektor, kt\u00f3ry wskazuje, \u017ce  Kongres b\u0119dzie bardzo atrakcyjny dla profesjonalist\u00f3w, kt\u00f3re zajmuje wi\u0119kszo\u015b\u0107 czo\u0142owych problem\u00f3w w sektorze, zar\u00f3wno w technologii i post\u0119pu zaawansowanych technik obr\u00f3bki zdrowych z\u0119b\u00f3w. Program b\u0119dzie r\u00f3wnie\u017c zawiera\u0107 dzia\u0142a\u0144 interakcyjnych i &#8221;. <\/p>\n<p><strong>Impuls do globalizacji<\/strong> <\/p>\n<p>Jednym z g\u0142\u00f3wnych cel\u00f3w strategicznych Fira de Barcelona, organizowane przez przysz\u0142ych wydaniach FDM, jest zwi\u0119kszenie obecno\u015bci wystawc\u00f3w i mi\u0119dzynarodowych go\u015bci w ich pomieszczeniach. Obecnie poprzez sie\u0107 przedstawicielstwa za granic\u0105, z reprezentacj\u0105 w krajach 32, instytucja wykonuje zadanie sta\u0142ego informacji i rozwoju. W przypadku z FDM to zobowi\u0105zanie do internacjonalizacji przek\u0142ada si\u0119 na plan wspierania rekrutacji uczestnik\u00f3w rynk\u00f3w gdzie dentystyczne przemys\u0142 ma wielkie znaczenie lub there&rsquo;s business potencjalnego, kraj\u00f3w basenu Morza \u015ar\u00f3dziemnego i Ameryki \u0141aci\u0144skiej. <\/p>\n<p>Innych inicjatyw organizator\u00f3w s\u0105 wprowadzenie liczba  Go\u015bci kraju &#8221;, \u017ce szczeg\u00f3ln\u0105 uwag\u0119 na rynkach wschodz\u0105cych, pozwoli z jak r\u00f3wnie\u017c b\u0119dzie stworzenie obszaru innowacyjno\u015bci wewn\u0105trz tego obszaru znajduje si\u0119 K\u0105cik m\u00f3wc\u00f3w, gdzie wystawc\u00f3w mo\u017cna nada\u0107 swoje produkty i nowo\u015bci w sesjach 30 minut. <\/p>\n<p><strong>Wsparcia przemys\u0142u <br \/><\/strong> <br \/>Dentystyczne \u015ar\u00f3dziemnomorskie Forum liczy na wsp\u00f3\u0142prac\u0119 ze stowarzyszenia urz\u0119dowych dentyst\u00f3w oraz stomatologists Katalonii (COEC) i wsparcia przemys\u0142u i sektora. Ostatnie wydanie mia\u0142a miejsce w 2011 i odwiedzi\u0142o ponad 10 000 pracownik\u00f3w. <\/p>\n<p><strong>O Fira de Barcelona<\/strong> <\/p>\n<p>Fira de Barcelona ma portfolio ponad 70 pokoje, kongresach i inne dzia\u0142ania, kt\u00f3re spe\u0142niaj\u0105 35000 przedsi\u0119biorstw (bezpo\u015brednie i stanowi\u0142) i otrzymywa\u0107 trzy miliony odwiedzaj\u0105cych. 15 klas s\u0105 mi\u0119dzynarodowego odniesienia, czyli s\u0105 w\u015br\u00f3d pierwsze trzy swoje specjalne przechowywanych w Europie. <\/p>\n<p><\/font><\/p>\n","protected":false},"excerpt":{"rendered":"<p>dentystyczne 2013 \u015br\u00f3dziemnomorskie forum zwi\u0119kszy jego Okr\u0119g wyborczy porz\u0105dku obrad i jego zasi\u0119g mi\u0119dzynarodowy jest zgromadzenie tylko tego obszaru w Hiszpanii, zawieraj\u0105cy wystawy handlowe i naukowych Kongres Barcelona, marca 2012.- profesjonalist\u00f3w, kt\u00f3rzy chc\u0105 wiedzie\u0107, najnowsze tendencje, innowacje, grup dyskusyjnych i sektor zdrowia aktualnych dentystyczne maj\u0105 terminu na forum dentystyczne Morza \u015ar\u00f3dziemnegoFDM, kt\u00f3re odb\u0119dzie si\u0119 od [&hellip;]<\/p>\n","protected":false},"author":1,"featured_media":0,"comment_status":"open","ping_status":"open","sticky":false,"template":"","format":"standard","meta":{"footnotes":""},"categories":[1],"tags":[12439,12453,12447,12454,12445,12442,12444,12450,12449,12443,12452,12446,12451,12448,12441,12440],"class_list":["post-3892","post","type-post","status-publish","format-standard","hentry","category-zahnmedizin-news","tag-greren","tag-handlowe","tag-midzynarodowy","tag-naukowych","tag-obrad","tag-okrg","tag-porzdku","tag-tego","tag-tylko","tag-wyborczy","tag-wystawy","tag-zasig","tag-zawierajcy","tag-zgromadzenie","tag-zwikszy","tag-rdziemnomorskich","et-doesnt-have-format-content","et_post_format-et-post-format-standard"],"_links":{"self":[{"href":"https:\/\/www.best-dentist-dentistry.com\/de\/wp-json\/wp\/v2\/posts\/3892","targetHints":{"allow":["GET"]}}],"collection":[{"href":"https:\/\/www.best-dentist-dentistry.com\/de\/wp-json\/wp\/v2\/posts"}],"about":[{"href":"https:\/\/www.best-dentist-dentistry.com\/de\/wp-json\/wp\/v2\/types\/post"}],"author":[{"embeddable":true,"href":"https:\/\/www.best-dentist-dentistry.com\/de\/wp-json\/wp\/v2\/users\/1"}],"replies":[{"embeddable":true,"href":"https:\/\/www.best-dentist-dentistry.com\/de\/wp-json\/wp\/v2\/comments?post=3892"}],"version-history":[{"count":0,"href":"https:\/\/www.best-dentist-dentistry.com\/de\/wp-json\/wp\/v2\/posts\/3892\/revisions"}],"wp:attachment":[{"href":"https:\/\/www.best-dentist-dentistry.com\/de\/wp-json\/wp\/v2\/media?parent=3892"}],"wp:term":[{"taxonomy":"category","embeddable":true,"href":"https:\/\/www.best-dentist-dentistry.com\/de\/wp-json\/wp\/v2\/categories?post=3892"},{"taxonomy":"post_tag","embeddable":true,"href":"https:\/\/www.best-dentist-dentistry.com\/de\/wp-json\/wp\/v2\/tags?post=3892"}],"curies":[{"name":"wp","href":"https:\/\/api.w.org\/{rel}","templated":true}]}}