{"id":3896,"date":"2012-03-03T10:00:14","date_gmt":"2012-03-03T10:00:14","guid":{"rendered":null},"modified":"-0001-11-30T00:00:00","modified_gmt":"-0001-11-30T00:00:00","slug":"boyer-evolves-successfully-although-the-gravity-situation-persists","status":"publish","type":"post","link":"https:\/\/www.best-dentist-dentistry.com\/de\/boyer-evolves-successfully-although-the-gravity-situation-persists\/3896","title":{"rendered":"Boyer entwickelt erfolgreich, obwohl die schwere Situation weiterhin besteht"},"content":{"rendered":"<p class=\"first\"> Madrid, 2 Mar (EFE).-der Ex-Wirtschaftsminister Miguel Boyer erfolgreich, entwickelt obwohl er die n\u00e4chsten Tage in der Intensivstation (ICU) der Klinik Ruber in Madrid bleibt, wo er letzten Montag ging nach eine Gehirnblutung leiden.<\/p>\n<p>So hat heute best\u00e4tigt es den Arzt f\u00fcr die Einheit der Neurochirurgie Pedro Mata, wer eine Pressemitteilung &#8220;im Einklang mit den W\u00fcnschen der Familie&#8221; gelesen hat.<\/p>\n<p>Boyer, die noch sediert ist, unterh\u00e4lt die Vitalfunktionen und seine neurologische Prozess folgt dem erwarteten Verlauf, obwohl die Situation der Schwerkraft entsprechend den Merkmalen der h\u00e4morrhagische L\u00e4sion bestehen bleibt, da Mata hingewiesen.<\/p>\n<p>Die Klinik berichtet, dass wird es weitere Versionen bis Montag, wenn es die Situation der Boyer verschlechtern wird.<\/p>\n<p>Miguel Boyer trat in der Klinik Ruber in Madrid am Montag Morgen nach Leiden einer Hirnblutung, die gesprochen wurde.<\/p>\n<p>In der franz\u00f6sischen Stadt von San Juan de Luz im Februar 1939 geborene Boyer war Finanzminister von 1982 bis 1985 und ist Berater f\u00fcr zahlreiche Unternehmen, wie Red El\u00e9ctrica oder Reyal Urbis.<\/p>\n","protected":false},"excerpt":{"rendered":"<p>Madrid, 2 Mar (EFE).-der Ex-Wirtschaftsminister Miguel Boyer erfolgreich, entwickelt obwohl er die n\u00e4chsten Tage in der Intensivstation (ICU) der Klinik Ruber in Madrid bleibt, wo er letzten Montag ging nach eine Gehirnblutung leiden. So hat heute best\u00e4tigt es den Arzt f\u00fcr die Einheit der Neurochirurgie Pedro Mata, wer eine Pressemitteilung &#8220;im Einklang mit den W\u00fcnschen [&hellip;]<\/p>\n","protected":false},"author":1,"featured_media":0,"comment_status":"close","ping_status":"open","sticky":false,"template":"","format":"standard","meta":{"footnotes":""},"categories":[3],"tags":[12460],"class_list":["post-3896","post","type-post","status-publish","format-standard","hentry","category-allgemeine","tag-boyer","et-doesnt-have-format-content","et_post_format-et-post-format-standard"],"_links":{"self":[{"href":"https:\/\/www.best-dentist-dentistry.com\/de\/wp-json\/wp\/v2\/posts\/3896","targetHints":{"allow":["GET"]}}],"collection":[{"href":"https:\/\/www.best-dentist-dentistry.com\/de\/wp-json\/wp\/v2\/posts"}],"about":[{"href":"https:\/\/www.best-dentist-dentistry.com\/de\/wp-json\/wp\/v2\/types\/post"}],"author":[{"embeddable":true,"href":"https:\/\/www.best-dentist-dentistry.com\/de\/wp-json\/wp\/v2\/users\/1"}],"replies":[{"embeddable":true,"href":"https:\/\/www.best-dentist-dentistry.com\/de\/wp-json\/wp\/v2\/comments?post=3896"}],"version-history":[{"count":0,"href":"https:\/\/www.best-dentist-dentistry.com\/de\/wp-json\/wp\/v2\/posts\/3896\/revisions"}],"wp:attachment":[{"href":"https:\/\/www.best-dentist-dentistry.com\/de\/wp-json\/wp\/v2\/media?parent=3896"}],"wp:term":[{"taxonomy":"category","embeddable":true,"href":"https:\/\/www.best-dentist-dentistry.com\/de\/wp-json\/wp\/v2\/categories?post=3896"},{"taxonomy":"post_tag","embeddable":true,"href":"https:\/\/www.best-dentist-dentistry.com\/de\/wp-json\/wp\/v2\/tags?post=3896"}],"curies":[{"name":"wp","href":"https:\/\/api.w.org\/{rel}","templated":true}]}}