{"id":38960,"date":"2014-02-22T02:43:15","date_gmt":"2014-02-22T02:43:15","guid":{"rendered":null},"modified":"-0001-11-30T00:00:00","modified_gmt":"-0001-11-30T00:00:00","slug":"feijoo-advocates-in-the-galician-health-there-is-sufficient-specialists-to-cater-for-the-elderly","status":"publish","type":"post","link":"https:\/\/www.best-dentist-dentistry.com\/de\/feijoo-advocates-in-the-galician-health-there-is-sufficient-specialists-to-cater-for-the-elderly\/38960","title":{"rendered":"Feijoo bef\u00fcrwortet in der galicischen Gesundheit ist &#8220;ausreichende&#8221; Spezialisten f\u00fcr \u00e4ltere Menschen gerecht"},"content":{"rendered":"<p class=\"first\"> SANTIAGO DE COMPOSTELA, 7 (EUROPA PRESS)<\/p>\n<p>Der Pr\u00e4sident der Xunta de Galicia, Alberto N\u00fa\u00f1ez Feij\u00f3o, hat argumentiert, dass Krankenh\u00e4user und Prim\u00e4rversorgung in der Gemeinschaft genug Spezialisten an &#8220;alle&#8221; Galizier &#8220;unabh\u00e4ngig von ihrem Alter&#8221;, als Experten in der Geriatrie am letzten Tag von Galicien geschuftet nicht &#8220;gut&#8221; Verwalten Sie die Ressourcen auf diesem Gebiet.<\/p>\n<p>Insbesondere die Pr\u00e4sentation des Kongresses der spanischen Gesellschaft f\u00fcr Geriatrie, seinen Pr\u00e4sidenten Arzt Pedro Gil beispielhaft mit der verringerten Kapazit\u00e4t der Ausbildung Gemeinschaft und erkl\u00e4rt, dass nur verf\u00fcgt \u00fcber zwei Krankenh\u00e4user mit Service von Geriatrie, Meixoeiro in Vigo und den Lucus Augusti, Lugo, bilden &#8220;nur zwei oder drei Bewohner pro Jahr&#8221;.<\/p>\n<p>In diesem Zusammenhang Feijoo hat darauf hingewiesen, dass es eine technische Diskussion &#8220;seit l\u00e4ngerem&#8221; zwischen Experten in Gerontologie und Innere Medizin, da die zweiten Fachexperten verstehen &#8220;Wer sind die ausreichend bef\u00e4higt und ausgebildete, die Patienten fortgeschrittenen Alters zu dienen&#8221;.<\/p>\n<p>In diesem Zusammenhang nach \u00dcbertragung von seinen &#8220;Respekt&#8221;, Gerontologen, stellte fest, dass Galicien hat &#8220;ein Verh\u00e4ltnis h\u00f6her als der durchschnittliche Innere Medizin&#8221; und in Galicisch Krankenh\u00e4usern und medizinischen Grundversorgung bewahrte gibt es &#8220;ausreichende&#8221; Spezialisten &#8220;alle Galicier&#8221;, unabh\u00e4ngig von ihrem Alter dienen.<\/p>\n<p>Diskussionen zwischen Spezialit\u00e4ten, wurde an die Beh\u00f6rden des Ministeriums f\u00fcr Industrie, unterscheiden weitergeleitet &#8220;Was sind Kompetenzen&#8221; der einzelnen.<\/p>\n","protected":false},"excerpt":{"rendered":"<p>SANTIAGO DE COMPOSTELA, 7 (EUROPA PRESS) Der Pr\u00e4sident der Xunta de Galicia, Alberto N\u00fa\u00f1ez Feij\u00f3o, hat argumentiert, dass Krankenh\u00e4user und Prim\u00e4rversorgung in der Gemeinschaft genug Spezialisten an &#8220;alle&#8221; Galizier &#8220;unabh\u00e4ngig von ihrem Alter&#8221;, als Experten in der Geriatrie am letzten Tag von Galicien geschuftet nicht &#8220;gut&#8221; Verwalten Sie die Ressourcen auf diesem Gebiet. Insbesondere die [&hellip;]<\/p>\n","protected":false},"author":1,"featured_media":0,"comment_status":"close","ping_status":"open","sticky":false,"template":"","format":"standard","meta":{"footnotes":""},"categories":[3],"tags":[47382],"class_list":["post-38960","post","type-post","status-publish","format-standard","hentry","category-allgemeine","tag-umlauf","et-doesnt-have-format-content","et_post_format-et-post-format-standard"],"_links":{"self":[{"href":"https:\/\/www.best-dentist-dentistry.com\/de\/wp-json\/wp\/v2\/posts\/38960","targetHints":{"allow":["GET"]}}],"collection":[{"href":"https:\/\/www.best-dentist-dentistry.com\/de\/wp-json\/wp\/v2\/posts"}],"about":[{"href":"https:\/\/www.best-dentist-dentistry.com\/de\/wp-json\/wp\/v2\/types\/post"}],"author":[{"embeddable":true,"href":"https:\/\/www.best-dentist-dentistry.com\/de\/wp-json\/wp\/v2\/users\/1"}],"replies":[{"embeddable":true,"href":"https:\/\/www.best-dentist-dentistry.com\/de\/wp-json\/wp\/v2\/comments?post=38960"}],"version-history":[{"count":0,"href":"https:\/\/www.best-dentist-dentistry.com\/de\/wp-json\/wp\/v2\/posts\/38960\/revisions"}],"wp:attachment":[{"href":"https:\/\/www.best-dentist-dentistry.com\/de\/wp-json\/wp\/v2\/media?parent=38960"}],"wp:term":[{"taxonomy":"category","embeddable":true,"href":"https:\/\/www.best-dentist-dentistry.com\/de\/wp-json\/wp\/v2\/categories?post=38960"},{"taxonomy":"post_tag","embeddable":true,"href":"https:\/\/www.best-dentist-dentistry.com\/de\/wp-json\/wp\/v2\/tags?post=38960"}],"curies":[{"name":"wp","href":"https:\/\/api.w.org\/{rel}","templated":true}]}}