{"id":38964,"date":"2014-02-22T02:45:48","date_gmt":"2014-02-22T02:45:48","guid":{"rendered":null},"modified":"-0001-11-30T00:00:00","modified_gmt":"-0001-11-30T00:00:00","slug":"colombian-vice-president-is-hospitalized-in-intensive-care-according-to-media","status":"publish","type":"post","link":"https:\/\/www.best-dentist-dentistry.com\/de\/colombian-vice-president-is-hospitalized-in-intensive-care-according-to-media\/38964","title":{"rendered":"Kolumbianischen Vizepr\u00e4sidenten ist auf der Intensivstation, nach Medien ins Krankenhaus eingeliefert"},"content":{"rendered":"<p class=\"first\"> Bogota, 18 jun (EFE).-der kolumbianische Vizepr\u00e4sident Angelino Garzon, hat laut lokalen Medienberichten in der Intensivstation der klinischen Reina Sofia, in Bogot\u00e1, wo er inhaftiert seit letzten Donnerstag bleibt, nachdem Sie einen R\u00fcckfall erlitten, im im Krankenhaus.<\/p>\n<p>, Version, ver\u00f6ffentlicht von den elektronischen Seiten von Radio Caracol und RCN, sicherzustellen, dass Garz\u00f3n ein Cerebrocardiovascular Problem gelitten haben kann, so war es notwendig, Aufnahme auf eine Intensivstation in dem genannten Krankenhaus.<\/p>\n<p>Zudem die Web-Seite von Mexiko-Stadt t\u00e4glich El Tiempo sagten \u00c4rzte besuchen Garzon traf und einen Bericht f\u00fcr die Einreichung zum kolumbianischen Pr\u00e4sidenten Juan Manuel Santos, der ist auf dem Gipfel der Gruppe der zwanzig (G20), die trafen sich in Los Cabos, Mexiko.<\/p>\n<p>Bis zu dem Zeitpunkt Vizepr\u00e4sident noch die Pr\u00e4sidentschaft haben Kommentare auf die Gesundheit der Garz\u00f3n angeboten.<\/p>\n<p>Am Sonntag, das Amt des Vizepr\u00e4sidenten sagte in einer Erkl\u00e4rung, dass Garzon hospitalisierten bis Dienstag &#8220;auf die medizinische Empfehlung und um Kontinuit\u00e4t zu der umfassenden Behandlung von Gesundheit zu geben, die ausgesetzt ist&#8221;.<\/p>\n<p>Oben kolumbianische Beamte hatte in ein Krankenhaus eingeliefert werden, am 9. August 2010, zwei Tage nach Einnahme als Vizepr\u00e4sident der Republik, leiden, eine Krankheit des Herzens, das war die Unf\u00e4higkeit, f\u00fcr mehrere Wochen und seit dann regelm\u00e4\u00dfige Vorsorgeuntersuchungen unterziehen muss.<\/p>\n<p>Kolumbien auch weiterhin die Entwicklung des Gesundheitszustands der B\u00fcrgermeister Bogot\u00e1s, Gustavo Petro, dem hoch gegeben hatte, Montag nach der Operation am Kopf, die von Blutgerinnseln entw\u00e4ssert wurden.<\/p>\n<p>La Fundaci\u00f3n Santa Fe de Bogot\u00e1, wo Petro ins Krankenhaus eingeliefert wurde, wurde nicht angegeben wie lange wird f\u00fcr die regierende deaktiviert. EFE<\/p>\n","protected":false},"excerpt":{"rendered":"<p>Bogota, 18 jun (EFE).-der kolumbianische Vizepr\u00e4sident Angelino Garzon, hat laut lokalen Medienberichten in der Intensivstation der klinischen Reina Sofia, in Bogot\u00e1, wo er inhaftiert seit letzten Donnerstag bleibt, nachdem Sie einen R\u00fcckfall erlitten, im im Krankenhaus. , Version, ver\u00f6ffentlicht von den elektronischen Seiten von Radio Caracol und RCN, sicherzustellen, dass Garz\u00f3n ein Cerebrocardiovascular Problem gelitten [&hellip;]<\/p>\n","protected":false},"author":1,"featured_media":0,"comment_status":"close","ping_status":"open","sticky":false,"template":"","format":"standard","meta":{"footnotes":""},"categories":[3],"tags":[47382],"class_list":["post-38964","post","type-post","status-publish","format-standard","hentry","category-allgemeine","tag-umlauf","et-doesnt-have-format-content","et_post_format-et-post-format-standard"],"_links":{"self":[{"href":"https:\/\/www.best-dentist-dentistry.com\/de\/wp-json\/wp\/v2\/posts\/38964","targetHints":{"allow":["GET"]}}],"collection":[{"href":"https:\/\/www.best-dentist-dentistry.com\/de\/wp-json\/wp\/v2\/posts"}],"about":[{"href":"https:\/\/www.best-dentist-dentistry.com\/de\/wp-json\/wp\/v2\/types\/post"}],"author":[{"embeddable":true,"href":"https:\/\/www.best-dentist-dentistry.com\/de\/wp-json\/wp\/v2\/users\/1"}],"replies":[{"embeddable":true,"href":"https:\/\/www.best-dentist-dentistry.com\/de\/wp-json\/wp\/v2\/comments?post=38964"}],"version-history":[{"count":0,"href":"https:\/\/www.best-dentist-dentistry.com\/de\/wp-json\/wp\/v2\/posts\/38964\/revisions"}],"wp:attachment":[{"href":"https:\/\/www.best-dentist-dentistry.com\/de\/wp-json\/wp\/v2\/media?parent=38964"}],"wp:term":[{"taxonomy":"category","embeddable":true,"href":"https:\/\/www.best-dentist-dentistry.com\/de\/wp-json\/wp\/v2\/categories?post=38964"},{"taxonomy":"post_tag","embeddable":true,"href":"https:\/\/www.best-dentist-dentistry.com\/de\/wp-json\/wp\/v2\/tags?post=38964"}],"curies":[{"name":"wp","href":"https:\/\/api.w.org\/{rel}","templated":true}]}}