{"id":38992,"date":"2014-04-12T02:53:21","date_gmt":"2014-04-12T02:53:21","guid":{"rendered":null},"modified":"-0001-11-30T00:00:00","modified_gmt":"-0001-11-30T00:00:00","slug":"health-says-that-reform-is-scrupulous-with-regional-competencies","status":"publish","type":"post","link":"https:\/\/www.best-dentist-dentistry.com\/de\/health-says-that-reform-is-scrupulous-with-regional-competencies\/38992","title":{"rendered":"Gesundheit sagt, dass Reform &#8220;gewissenhafte&#8221; mit regionalen Kompetenzen"},"content":{"rendered":"<p class=\"first\"> Madrid, 28 jul (EFE).-der Generalsekret\u00e4r der Gesundheit, Pilar Farjas, glaubt, dass die \u00c4u\u00dferungen des Verfassungsgerichtes, dem B\u00fcrgerbeauftragten und der Rat des Zustandes festgestellt, dass Gesundheitsreform Ma\u00dfnahmen &#8220;werden gut behandelt&#8221; und die Regierung &#8220;gewissenhafte&#8221; mit regionalen Kompetenzen wurde.<\/p>\n<p>In einem Interview mit Efe, Farjas bewertet die Entscheidung der TC gebe eine Berufung durch die Regierung den positiven Konflikt Kompetenzen mit dem Dekret des Baskenlandes, deklarieren die verhindert der pharmazeutischen Co Zahlung in dieser Gemeinschaft, die so gel\u00e4hmt ist.<\/p>\n<p>TC, auch eine zweite Ressource der Exekutive gegen das Dekret von der Junta de Andaluc\u00eda Auktion Drogen verarbeiten zugelassen.<\/p>\n<p>Farjas bezeichnet, werden dar\u00fcber hinaus zu der Entscheidung des B\u00fcrgerbeauftragten nicht Reiz der Verfassungsklage gegen den k\u00f6niglichen Erlass von Ma\u00dfnahmen einzuf\u00fchren, w\u00e4hrend mehrere Gewerkschaften es verlangt hatte.<\/p>\n<p>Auch der Staatsrat hat vor kurzem mit gesprochen unterschiedliche Meinungen auf die, nach Farjas, die Regierung gesch\u00e4tzt &#8220;wurde gewissenhaft in der Erf\u00fcllung der Befugnisse, die der Verfassung&#8221; gibt Ihnen.<\/p>\n<p>Diese drei Positionen Dekret Ma\u00dfnahmen bef\u00fcrworten, weil &#8220;sind konstitutionelle, respektieren die Kompetenzbereiche, auf der Suche nach der Nachhaltigkeit des Systems unter Einbeziehung Kriterien des Eigenkapitals, Zusammenhalt st\u00e4rken und dazu, Verantwortung bei der die ordnungsgem\u00e4\u00dfe Verwendung des Systems zur Verhinderung von Betrug und unregelm\u00e4\u00dfige Verwendungen suchen&#8221;.<\/p>\n<p>Dar\u00fcber hinaus ber\u00fccksichtigen die Resolutionen, die Reformen &#8220;Abschirmung&#8221; des \u00f6ffentlichen Gesundheitswesens in Zugriff auf Ausl\u00e4nder, die \u00fcber seine Gesundheitssystem und Berichterstattung und erm\u00f6glicht damit Spanien zum Gesetz ist sie in ihre Herkunftsl\u00e4nder zu unterst\u00fctzen.<\/p>\n<p>Hinsichtlich des Schutzes der Gesundheit der irregul\u00e4ren Migranten hat die Farjas betont, da\u00df die Regierung &#8220;Special Interest in alle Ma\u00dfnahmen, die es braucht, um den am st\u00e4rksten gef\u00e4hrdeten Bev\u00f6lkerungsgruppen zu sch\u00fctzen&#8221; und wies darauf hin, dass zum ersten Mal, die Arbeitslosen, die lange Amtszeit ohne Bestimmung nicht f\u00fcr Medikamente bezahlen muss.<\/p>\n<p>Farjas hat klargestellt, das Spanien Hilfe f\u00fcr Ausl\u00e4nder, die nicht durch sein Land mit viel gr\u00f6\u00dfere Reichweite als die anderen L\u00e4nder der Europ\u00e4ischen Union gesch\u00fctzt garantiert.<\/p>\n","protected":false},"excerpt":{"rendered":"<p>Madrid, 28 jul (EFE).-der Generalsekret\u00e4r der Gesundheit, Pilar Farjas, glaubt, dass die \u00c4u\u00dferungen des Verfassungsgerichtes, dem B\u00fcrgerbeauftragten und der Rat des Zustandes festgestellt, dass Gesundheitsreform Ma\u00dfnahmen &#8220;werden gut behandelt&#8221; und die Regierung &#8220;gewissenhafte&#8221; mit regionalen Kompetenzen wurde. In einem Interview mit Efe, Farjas bewertet die Entscheidung der TC gebe eine Berufung durch die Regierung den [&hellip;]<\/p>\n","protected":false},"author":1,"featured_media":0,"comment_status":"close","ping_status":"open","sticky":false,"template":"","format":"standard","meta":{"footnotes":""},"categories":[3],"tags":[47395],"class_list":["post-38992","post","type-post","status-publish","format-standard","hentry","category-allgemeine","tag-rckzahlung","et-doesnt-have-format-content","et_post_format-et-post-format-standard"],"_links":{"self":[{"href":"https:\/\/www.best-dentist-dentistry.com\/de\/wp-json\/wp\/v2\/posts\/38992","targetHints":{"allow":["GET"]}}],"collection":[{"href":"https:\/\/www.best-dentist-dentistry.com\/de\/wp-json\/wp\/v2\/posts"}],"about":[{"href":"https:\/\/www.best-dentist-dentistry.com\/de\/wp-json\/wp\/v2\/types\/post"}],"author":[{"embeddable":true,"href":"https:\/\/www.best-dentist-dentistry.com\/de\/wp-json\/wp\/v2\/users\/1"}],"replies":[{"embeddable":true,"href":"https:\/\/www.best-dentist-dentistry.com\/de\/wp-json\/wp\/v2\/comments?post=38992"}],"version-history":[{"count":0,"href":"https:\/\/www.best-dentist-dentistry.com\/de\/wp-json\/wp\/v2\/posts\/38992\/revisions"}],"wp:attachment":[{"href":"https:\/\/www.best-dentist-dentistry.com\/de\/wp-json\/wp\/v2\/media?parent=38992"}],"wp:term":[{"taxonomy":"category","embeddable":true,"href":"https:\/\/www.best-dentist-dentistry.com\/de\/wp-json\/wp\/v2\/categories?post=38992"},{"taxonomy":"post_tag","embeddable":true,"href":"https:\/\/www.best-dentist-dentistry.com\/de\/wp-json\/wp\/v2\/tags?post=38992"}],"curies":[{"name":"wp","href":"https:\/\/api.w.org\/{rel}","templated":true}]}}