{"id":39044,"date":"2014-04-12T03:02:29","date_gmt":"2014-04-12T03:02:29","guid":{"rendered":null},"modified":"-0001-11-30T00:00:00","modified_gmt":"-0001-11-30T00:00:00","slug":"collective-support-to-immigrants-protesting-their-exclusion-from-the-health","status":"publish","type":"post","link":"https:\/\/www.best-dentist-dentistry.com\/de\/collective-support-to-immigrants-protesting-their-exclusion-from-the-health\/39044","title":{"rendered":"Kollektive Unterst\u00fctzung f\u00fcr Immigranten protestieren ihren Ausschluss aus der Gesundheit"},"content":{"rendered":"<p class=\"first\"> Madrid, 1 Sep (EFE). &#8211; das Gesundheitsministerium heute erlischt die Gesundheitskarte von Immigranten in einer regelwidrigen Lage, einer der die dringende Kosten &#8211; Sparma\u00dfnahmen verabschiedet durch die Regierung, gegen die verschiedene Gruppen haben Protesthandlung in Madrid aufgerufen.<\/p>\n<p>Ab diesem Zeitpunkt werden &#8220;nicht registriert oder genehmigt Einwohner in Spanien als&#8221; Ausl\u00e4nder nur Notfall Gesundheitsversorgung durch Unfall oder schwere Erkrankung und Schwangerschaft, Geburt und nach der Geburt, mit Ausnahme der Minderj\u00e4hrige von 18 Jahren, die die gleichen Dienste wie der Rest der Spanier erhalten.<\/p>\n<p>Das Netzwerk f\u00fcr das Recht auf Recht, der zahlreichen Gruppen in der Verteidigung von Einwanderern zusammenbringt, hat gerufen die zw\u00f6lf Stunden eine Konzentration vor den Toren von der Krankenhaus-Gregorio Mara\u00f1on, Madrid, fordern von der Regierung, um seine Position zu korrigieren.<\/p>\n<p>Dieser Akt des Protestes, tritt er andere in verschiedenen St\u00e4dten Spaniens weniger Tiefe, stellt der Beginn einer Kampagne zur Verteidigung des Rechts auf Gesundheit von &#8220;Migranten&#8221; mit dieser Hoffnung auf Gesundheit um dieses Dekret aufheben zu erreichen im April genehmigt.<\/p>\n<p>Wird auch die Konzentration Gesundheit beruflicher und politischer F\u00fchrer, von denen einige wird Kriegsdienstverweigerung um fortzufahren, sehen diese Gruppe gr\u00fc\u00dfen teilnehmen.<\/p>\n","protected":false},"excerpt":{"rendered":"<p>Madrid, 1 Sep (EFE). &#8211; das Gesundheitsministerium heute erlischt die Gesundheitskarte von Immigranten in einer regelwidrigen Lage, einer der die dringende Kosten &#8211; Sparma\u00dfnahmen verabschiedet durch die Regierung, gegen die verschiedene Gruppen haben Protesthandlung in Madrid aufgerufen. Ab diesem Zeitpunkt werden &#8220;nicht registriert oder genehmigt Einwohner in Spanien als&#8221; Ausl\u00e4nder nur Notfall Gesundheitsversorgung durch Unfall [&hellip;]<\/p>\n","protected":false},"author":1,"featured_media":0,"comment_status":"close","ping_status":"open","sticky":false,"template":"","format":"standard","meta":{"footnotes":""},"categories":[3],"tags":[47424],"class_list":["post-39044","post","type-post","status-publish","format-standard","hentry","category-allgemeine","tag-edison-glhlampen","et-doesnt-have-format-content","et_post_format-et-post-format-standard"],"_links":{"self":[{"href":"https:\/\/www.best-dentist-dentistry.com\/de\/wp-json\/wp\/v2\/posts\/39044","targetHints":{"allow":["GET"]}}],"collection":[{"href":"https:\/\/www.best-dentist-dentistry.com\/de\/wp-json\/wp\/v2\/posts"}],"about":[{"href":"https:\/\/www.best-dentist-dentistry.com\/de\/wp-json\/wp\/v2\/types\/post"}],"author":[{"embeddable":true,"href":"https:\/\/www.best-dentist-dentistry.com\/de\/wp-json\/wp\/v2\/users\/1"}],"replies":[{"embeddable":true,"href":"https:\/\/www.best-dentist-dentistry.com\/de\/wp-json\/wp\/v2\/comments?post=39044"}],"version-history":[{"count":0,"href":"https:\/\/www.best-dentist-dentistry.com\/de\/wp-json\/wp\/v2\/posts\/39044\/revisions"}],"wp:attachment":[{"href":"https:\/\/www.best-dentist-dentistry.com\/de\/wp-json\/wp\/v2\/media?parent=39044"}],"wp:term":[{"taxonomy":"category","embeddable":true,"href":"https:\/\/www.best-dentist-dentistry.com\/de\/wp-json\/wp\/v2\/categories?post=39044"},{"taxonomy":"post_tag","embeddable":true,"href":"https:\/\/www.best-dentist-dentistry.com\/de\/wp-json\/wp\/v2\/tags?post=39044"}],"curies":[{"name":"wp","href":"https:\/\/api.w.org\/{rel}","templated":true}]}}