{"id":39060,"date":"2014-04-12T03:21:25","date_gmt":"2014-04-12T03:21:25","guid":{"rendered":null},"modified":"-0001-11-30T00:00:00","modified_gmt":"-0001-11-30T00:00:00","slug":"the-white-tide-of-health-workers-out-of-cibeles-at-sun","status":"publish","type":"post","link":"https:\/\/www.best-dentist-dentistry.com\/de\/the-white-tide-of-health-workers-out-of-cibeles-at-sun\/39060","title":{"rendered":"Die &#8220;wei\u00dfe Tide&#8221; von Gesundheitspersonal aus Cibeles Sonne"},"content":{"rendered":"<p class=\"first\"> Madrid, 18 nov (EFE).-mehrere hundert Gesundheitspersonal und B\u00fcrger im allgemeinen heute erf\u00fcllt das Plaza de Cibeles, wo die vier S\u00e4ulen des &#8220;Wei\u00dfen Marsches&#8221; die ging heute Morgen aus verschiedenen Krankenh\u00e4usern in Madrid zusammengef\u00fchrt haben.<\/p>\n<p>Die Manifestation, die entlang Calle de Alcala unter dem Motto &#8220;Volksgesundheit nicht verkaufen, es wird verteidigt&#8221;, hat von verschiedenen kollektiven und Plattformen, ihre Unzufriedenheit des Aktionsplans zu zeigen, die Regionalregierung zu implementieren, wird einberufen wurden.<\/p>\n<p>In einer festlichen Atmosph\u00e4re und ohne Zwischenf\u00e4lle, die vier S\u00e4ulen &#8211; Norden, Osten, S\u00fcden und S\u00fcdosten &#8211; bestehend aus Menschen aller Altersgruppen haben sich angen\u00e4hert in Cibeles, tragen ihre wei\u00dfe R\u00f6cke und T-shirts in Farbe.<\/p>\n<p>Der Pr\u00e4sident der F\u00f6deration der Verb\u00e4nde der Nachbarn von Madrid (FRAVM), Nacho Murgui, betonte, dass &#8220;dies eine Mobilisierung der B\u00fcrger ist. \u00d6ffentliche Gesundheit betrifft uns alle und wir m\u00fcssen sie verteidigen&#8221;.<\/p>\n<p>Nach Murgui, &#8220;hier gibt es viel mehr Menschen als Gesundheitspersonal ist&#8221;, sagte er vor dem Hinzuf\u00fcgen, dass es &#8220;Zusammenfluss der gesamten Gesellschaft es m\u00f6glich, dass die Regierung der Gemeinschaft von Madrid seinen Plan umkehren wird&#8221;.<\/p>\n<p>Profi-Efe gesagt &#8220;ohne Vorwarnung, ohne Unterst\u00fctzung und Konsens&#8221;, der Plan beschlossen wurde w\u00e4hrend ein Nachbar, der Benutzer \u00fcber das Hospital De La Princesa gew\u00e4hrleistet hat, &#8220;wenn&#8221;\u00f6ffentliche Gesundheit, Chancengleichheit geht verloren aufgeladen ist.<\/p>\n<p>Lesen Sie unter dem Banner &#8220;Politiker stehlen, Menschen-Pay&#8221; oder andere, wie &#8220;Kein Labor, Leichenhalle Krankenh\u00e4user&#8221; unter Bezugnahme auf die Schlie\u00dfung der Labors der Krankenh\u00e4user in vier Zentren zu vereinheitlichen.<\/p>\n<p>&#8220;Alle Benutzer gegen die Privatisierung der Servicequalit\u00e4t,&#8221; sagte Mayte, Arbeiter das Hospital del Henares.<\/p>\n<p>&#8220;Nicht wei\u00df, ob diese Manifestation wird etwas l\u00f6sen, aber&#8221;Sie m\u00fcssen versuchen, denn Hoffnung das letzte, was Sie verlieren ist,&#8221;sagte ein Demonstrant zum Zeitpunkt seiner Gef\u00e4hrtin gesungen&#8221; Wir sehen nicht, vereinigen &#8220;.<\/p>\n<p>&#8220;<\/p>\n<p>Einmal in Sol, liest ein Manifest zur Verteidigung der \u00f6ffentlichen Gesundheit.<\/p>\n","protected":false},"excerpt":{"rendered":"<p>Madrid, 18 nov (EFE).-mehrere hundert Gesundheitspersonal und B\u00fcrger im allgemeinen heute erf\u00fcllt das Plaza de Cibeles, wo die vier S\u00e4ulen des &#8220;Wei\u00dfen Marsches&#8221; die ging heute Morgen aus verschiedenen Krankenh\u00e4usern in Madrid zusammengef\u00fchrt haben. Die Manifestation, die entlang Calle de Alcala unter dem Motto &#8220;Volksgesundheit nicht verkaufen, es wird verteidigt&#8221;, hat von verschiedenen kollektiven und [&hellip;]<\/p>\n","protected":false},"author":1,"featured_media":0,"comment_status":"close","ping_status":"open","sticky":false,"template":"","format":"standard","meta":{"footnotes":""},"categories":[3],"tags":[47433],"class_list":["post-39060","post","type-post","status-publish","format-standard","hentry","category-allgemeine","tag-schmuck","et-doesnt-have-format-content","et_post_format-et-post-format-standard"],"_links":{"self":[{"href":"https:\/\/www.best-dentist-dentistry.com\/de\/wp-json\/wp\/v2\/posts\/39060","targetHints":{"allow":["GET"]}}],"collection":[{"href":"https:\/\/www.best-dentist-dentistry.com\/de\/wp-json\/wp\/v2\/posts"}],"about":[{"href":"https:\/\/www.best-dentist-dentistry.com\/de\/wp-json\/wp\/v2\/types\/post"}],"author":[{"embeddable":true,"href":"https:\/\/www.best-dentist-dentistry.com\/de\/wp-json\/wp\/v2\/users\/1"}],"replies":[{"embeddable":true,"href":"https:\/\/www.best-dentist-dentistry.com\/de\/wp-json\/wp\/v2\/comments?post=39060"}],"version-history":[{"count":0,"href":"https:\/\/www.best-dentist-dentistry.com\/de\/wp-json\/wp\/v2\/posts\/39060\/revisions"}],"wp:attachment":[{"href":"https:\/\/www.best-dentist-dentistry.com\/de\/wp-json\/wp\/v2\/media?parent=39060"}],"wp:term":[{"taxonomy":"category","embeddable":true,"href":"https:\/\/www.best-dentist-dentistry.com\/de\/wp-json\/wp\/v2\/categories?post=39060"},{"taxonomy":"post_tag","embeddable":true,"href":"https:\/\/www.best-dentist-dentistry.com\/de\/wp-json\/wp\/v2\/tags?post=39060"}],"curies":[{"name":"wp","href":"https:\/\/api.w.org\/{rel}","templated":true}]}}