{"id":39061,"date":"2014-04-12T03:21:31","date_gmt":"2014-04-12T03:21:31","guid":{"rendered":null},"modified":"-0001-11-30T00:00:00","modified_gmt":"-0001-11-30T00:00:00","slug":"adjustments-will-ensure-the-continuity-of-public-health-according-to-advisor-lasquetty","status":"publish","type":"post","link":"https:\/\/www.best-dentist-dentistry.com\/de\/adjustments-will-ensure-the-continuity-of-public-health-according-to-advisor-lasquetty\/39061","title":{"rendered":"Anpassungen werden die Kontinuit\u00e4t der Volksgesundheit, laut Berater Lasquetty sicherstellen."},"content":{"rendered":"<p class=\"first\"> Madrid, 18 nov (EFE).-der Minister f\u00fcr Gesundheit, Javier Fern\u00e1ndez-Fuenlabrada, heute verteidigt, dass die Landesregierung Ma\u00dfnahmen, die Proteste in der Gesundheit veranlasst haben Sektor &#8220;sind genau, die Kontinuit\u00e4t, die Verbesserung und F\u00f6rderung der \u00f6ffentlichen Gesundheit zu gew\u00e4hrleisten&#8221;.<\/p>\n<p>So manifestiert sie den Minister in einer Erkl\u00e4rung, die heute zeitgleich mit einem gro\u00dfen Protest M\u00e4rz von Arbeitnehmern und Benutzer des \u00f6ffentlichen Gesundheitssystems gegen den Plan der Ma\u00dfnahmen f\u00fcr die Nachhaltigkeit der \u00f6ffentlichen Gesundheit, die regionale Regierung k\u00fcndigte am 31. Oktober.<\/p>\n<p>&#8220;Die Ma\u00dfnahmen der Regierung regionale sind genau um sicherzustellen, dass wir weiterhin eine Gesundheit \u00f6ffentlichen qualitativ hochwertige, universelle, offen f\u00fcr alle, die mit der Gesundheitskarte vorhanden sind und alle anderen&#8221;, sagt den Berater in seinem Statement.<\/p>\n<p>Weiter &#8220;Das ist, was wir haben und was wir tun, im Sinne der Verantwortung weiter arbeiten,&#8221;.<\/p>\n<p>&#8220;Hat die Gemeinschaft von Madrid n\u00e4chstes Jahr viel weniger Mittel als im Vorjahr, weil wir ein Finanzierungssystem haben, die uns viel Zuweisung f\u00fcr das n\u00e4chste Jahr f\u00e4llt. Diese Situation, wenn wir keines handeln ist als wir ein Problem der Wahrheit h\u00e4tten&#8221;, laut Fuenlabrada.<\/p>\n<p>In 2013 Etats, Gesundheitsversorgung haben 7,108 Milliarden, 533 Millionen weniger als im Vorjahr obwohl es n\u00e4chstes Jahr 45 % der Regionalausgaben, verglichen mit 40 % gegen\u00fcber dem Vorjahr werden.<\/p>\n<p>&#8220;Eben um sicherzustellen, dass Kontinuit\u00e4t, Verbesserung, F\u00f6rderung der \u00f6ffentlichen Gesundheit, die einen gesundheitlichen die wir stolz f\u00fchlen bleibt, f\u00fcr das, was wir nehmen Ma\u00dfnahmen, die der Reform, Transformation&#8221;, aber die erm\u00f6glichen wird, weiterhin &#8220;eine erste Level Public Health&#8221;, haben den Minister geschlossen.<\/p>\n<p>Der Plan der Gemeinschaft von Madrid umfasst Outsourcing von Healthcare-Management von sechs Krankenh\u00e4usern und 27 Gesundheitszentren, die Umwandlung des Krankenhauses Prinzessin und Carlos III und die Zahlung von einem Euro pro Rezept, unter anderem.<\/p>\n","protected":false},"excerpt":{"rendered":"<p>Madrid, 18 nov (EFE).-der Minister f\u00fcr Gesundheit, Javier Fern\u00e1ndez-Fuenlabrada, heute verteidigt, dass die Landesregierung Ma\u00dfnahmen, die Proteste in der Gesundheit veranlasst haben Sektor &#8220;sind genau, die Kontinuit\u00e4t, die Verbesserung und F\u00f6rderung der \u00f6ffentlichen Gesundheit zu gew\u00e4hrleisten&#8221;. So manifestiert sie den Minister in einer Erkl\u00e4rung, die heute zeitgleich mit einem gro\u00dfen Protest M\u00e4rz von Arbeitnehmern und [&hellip;]<\/p>\n","protected":false},"author":1,"featured_media":0,"comment_status":"close","ping_status":"open","sticky":false,"template":"","format":"standard","meta":{"footnotes":""},"categories":[3],"tags":[47433,47434],"class_list":["post-39061","post","type-post","status-publish","format-standard","hentry","category-allgemeine","tag-schmuck","tag-sicherstellen","et-doesnt-have-format-content","et_post_format-et-post-format-standard"],"_links":{"self":[{"href":"https:\/\/www.best-dentist-dentistry.com\/de\/wp-json\/wp\/v2\/posts\/39061","targetHints":{"allow":["GET"]}}],"collection":[{"href":"https:\/\/www.best-dentist-dentistry.com\/de\/wp-json\/wp\/v2\/posts"}],"about":[{"href":"https:\/\/www.best-dentist-dentistry.com\/de\/wp-json\/wp\/v2\/types\/post"}],"author":[{"embeddable":true,"href":"https:\/\/www.best-dentist-dentistry.com\/de\/wp-json\/wp\/v2\/users\/1"}],"replies":[{"embeddable":true,"href":"https:\/\/www.best-dentist-dentistry.com\/de\/wp-json\/wp\/v2\/comments?post=39061"}],"version-history":[{"count":0,"href":"https:\/\/www.best-dentist-dentistry.com\/de\/wp-json\/wp\/v2\/posts\/39061\/revisions"}],"wp:attachment":[{"href":"https:\/\/www.best-dentist-dentistry.com\/de\/wp-json\/wp\/v2\/media?parent=39061"}],"wp:term":[{"taxonomy":"category","embeddable":true,"href":"https:\/\/www.best-dentist-dentistry.com\/de\/wp-json\/wp\/v2\/categories?post=39061"},{"taxonomy":"post_tag","embeddable":true,"href":"https:\/\/www.best-dentist-dentistry.com\/de\/wp-json\/wp\/v2\/tags?post=39061"}],"curies":[{"name":"wp","href":"https:\/\/api.w.org\/{rel}","templated":true}]}}