{"id":39064,"date":"2014-04-12T03:21:42","date_gmt":"2014-04-12T03:21:42","guid":{"rendered":null},"modified":"-0001-11-30T00:00:00","modified_gmt":"-0001-11-30T00:00:00","slug":"fuenlabrada-says-that-we-privatizamos-hospitals-or-sell-buildings","status":"publish","type":"post","link":"https:\/\/www.best-dentist-dentistry.com\/de\/fuenlabrada-says-that-we-privatizamos-hospitals-or-sell-buildings\/39064","title":{"rendered":"Fuenlabrada sagt, dass &#8220;wir Privatizamos Krankenh\u00e4user oder Verkauf Geb\u00e4ude&#8221;"},"content":{"rendered":"<p class=\"first\"> Madrid, 18 nov (EFE).-der Minister f\u00fcr Gesundheit, Javier Fern\u00e1ndez-Fuenlabrada, hat heute versichert, dass die Regierung der Gemeinschaft von Madrid &#8220;Krankenh\u00e4usern oder verkauft Geb\u00e4ude privatisiert&#8221;, bevor die Welle der Proteste der Arbeiter und Benutzer der Gesundheit Pflege.<\/p>\n<p>So es in einem Interview mit der spanischen Zeitung ABC hei\u00dft, in 2013 Budgets, Gesundheit 7,108 Milliarden, 533 Millionen geringer als in besitzen wird, erkl\u00e4rt die im Vorjahr, obwohl es n\u00e4chstes Jahr 45 % der regionalen Ausgaben werden verglichen mit 40 % gegen\u00fcber dem Vorjahr.<\/p>\n<p>\u00dcber Proteste gegen die Pl\u00e4ne f\u00fcr die Nachhaltigkeit des \u00f6ffentlichen Gesundheitssystems, k\u00fcndigte am 31. Oktober, Fuenlabrada glaubt, dass &#8220;so viel Spannung ist gerechtfertigt, sondern Gesundheit soll f\u00fcr alle \u00f6ffentliche, frei und gleich bleiben&#8221;.<\/p>\n<p>F\u00fcr die Auszahlung von Euro pro Rezept, wird sichergestellt, dass die Gemeinschaft &#8220;Handlungen im Rahmen ihrer Zust\u00e4ndigkeiten&#8221; und die Aussicht auf die spanische Regierung bedient sich der Ma\u00dfnahme, die bereits Catalonia gilt, Fuenlabrada glaubt, dass die Zentralregierung ihre Unterbrechung in Katalonien bitten und nicht.<\/p>\n<p>&#8220;Ein Dialog er\u00f6ffnet mit der Generalitat&#8221;, hat der Berater, der &rsquo;logical dasselbe mit Madrid&rsquo; schien weiter.<\/p>\n","protected":false},"excerpt":{"rendered":"<p>Madrid, 18 nov (EFE).-der Minister f\u00fcr Gesundheit, Javier Fern\u00e1ndez-Fuenlabrada, hat heute versichert, dass die Regierung der Gemeinschaft von Madrid &#8220;Krankenh\u00e4usern oder verkauft Geb\u00e4ude privatisiert&#8221;, bevor die Welle der Proteste der Arbeiter und Benutzer der Gesundheit Pflege. So es in einem Interview mit der spanischen Zeitung ABC hei\u00dft, in 2013 Budgets, Gesundheit 7,108 Milliarden, 533 Millionen [&hellip;]<\/p>\n","protected":false},"author":1,"featured_media":0,"comment_status":"close","ping_status":"open","sticky":false,"template":"","format":"standard","meta":{"footnotes":""},"categories":[3],"tags":[47434],"class_list":["post-39064","post","type-post","status-publish","format-standard","hentry","category-allgemeine","tag-sicherstellen","et-doesnt-have-format-content","et_post_format-et-post-format-standard"],"_links":{"self":[{"href":"https:\/\/www.best-dentist-dentistry.com\/de\/wp-json\/wp\/v2\/posts\/39064","targetHints":{"allow":["GET"]}}],"collection":[{"href":"https:\/\/www.best-dentist-dentistry.com\/de\/wp-json\/wp\/v2\/posts"}],"about":[{"href":"https:\/\/www.best-dentist-dentistry.com\/de\/wp-json\/wp\/v2\/types\/post"}],"author":[{"embeddable":true,"href":"https:\/\/www.best-dentist-dentistry.com\/de\/wp-json\/wp\/v2\/users\/1"}],"replies":[{"embeddable":true,"href":"https:\/\/www.best-dentist-dentistry.com\/de\/wp-json\/wp\/v2\/comments?post=39064"}],"version-history":[{"count":0,"href":"https:\/\/www.best-dentist-dentistry.com\/de\/wp-json\/wp\/v2\/posts\/39064\/revisions"}],"wp:attachment":[{"href":"https:\/\/www.best-dentist-dentistry.com\/de\/wp-json\/wp\/v2\/media?parent=39064"}],"wp:term":[{"taxonomy":"category","embeddable":true,"href":"https:\/\/www.best-dentist-dentistry.com\/de\/wp-json\/wp\/v2\/categories?post=39064"},{"taxonomy":"post_tag","embeddable":true,"href":"https:\/\/www.best-dentist-dentistry.com\/de\/wp-json\/wp\/v2\/tags?post=39064"}],"curies":[{"name":"wp","href":"https:\/\/api.w.org\/{rel}","templated":true}]}}