{"id":39083,"date":"2014-04-12T03:30:04","date_gmt":"2014-04-12T03:30:04","guid":{"rendered":null},"modified":"-0001-11-30T00:00:00","modified_gmt":"-0001-11-30T00:00:00","slug":"representatives-of-health-ask-which-is-running-behind-in-both-personnel-and-benefits-cuts","status":"publish","type":"post","link":"https:\/\/www.best-dentist-dentistry.com\/de\/representatives-of-health-ask-which-is-running-behind-in-both-personnel-and-benefits-cuts\/39083","title":{"rendered":"representatives of health ask which is running behind in both personnel and benefits cuts"},"content":{"rendered":"<p class=\"first\"> LOGRO\u00d1O, 11 (EUROPA PRESS)<\/p>\n<p>Mehr als f\u00fcnfzig Menschen haben heute Nachmittag gegen die Regierung Palast von La Rioja in der Verteidigung der Rioja Gesundheit konzentriert. Konzentriert sich unter dem Motto &#8220;Ihre Gesundheit-Verkauf&#8221;, sie Fragen &#8220;die Runningback \u00fcber Einschnitte im Gesundheitswesen sowohl Personal und Vorteile&#8221;.<\/p>\n<p>-Konzentration wurde eingeleitet, um das Denkmal f\u00fcr die Opfer des Terrorismus in den Paseo del Espol\u00f3n, dann \u00fcberqueren Sie und fahren Sie mit der Protest vor dem regionalen Regierung Palast. Dort eingeleitet weint mehr als San Pedro, weniger Apple &#8220;,&#8221; H\u00e4nde oben, d.h. ein Raub &#8220;oder&#8221; mit unserer Extra zahlen, Zahlen Sie Ihrer Festlichkeiten &#8220;.<\/p>\n<p>Einer der Sprecher, Marta G\u00f3mez, hat darauf hingewiesen, dass die Verwaltung beabsichtigt, &#8220;die Volksgesundheit zu zerschlagen&#8221;, etwas, das geschehen wird, weist auf &#8220;ohne Menschen ist keinesfalls, denn das ist wie ein kleiner Regen, die&#8221;, sich auf Entlassungen &#8220;tropft&#8221;.<\/p>\n<p>In diesem Sinne Gomez hat argumentiert, dass Beweis daf\u00fcr &#8220;Abbau&#8221; ist &#8220;der Krankenhaus-Stiftung der Calahorra, die bereits nicht durch eine privat gef\u00fchrte ausgelagert privatisiert ist, wie sie sagen&#8221;. drei<\/p>\n<p>Angestellter der Krankenhaus San Pedro, C\u00e9sar Alonso, kl\u00e4rt nicht Entlassungen &#8220;aber keine Verl\u00e4ngerung der befristeten Arbeitsverh\u00e4ltnisse&#8221; so im Krankenhaus der Hauptstadt Logro\u00f1o &#8220;auf eine niedrige R\u00fcckkehr l\u00e4uft&#8221;.<\/p>\n<p>, Alonso darauf hingewiesen, dass Arbeitnehmer &#8220;sollte mit diesem Unterauslastung als bezahlte Konzerte zu Privatkliniken Leben und dort auf soziale Sicherheit und Gesundheit Service Patienten Rioja fliegen&#8221;.<\/p>\n<p>Schlie\u00dflich Alonso ergab seinen Wunsch, dass die Regierung Erkl\u00e4rungen zu verstehen &#8220;wie es ist billiger, eine \u00f6ffentliche Einrichtung auf eine mittlere bis niedrige Leistung mit einem ges\u00e4ttigten Notfall haben und stattdessen die \u00dcberweisung von Patienten gerechtfertigt ist&#8221;.<\/p>\n","protected":false},"excerpt":{"rendered":"<p>LOGRO\u00d1O, 11 (EUROPA PRESS) Mehr als f\u00fcnfzig Menschen haben heute Nachmittag gegen die Regierung Palast von La Rioja in der Verteidigung der Rioja Gesundheit konzentriert. Konzentriert sich unter dem Motto &#8220;Ihre Gesundheit-Verkauf&#8221;, sie Fragen &#8220;die Runningback \u00fcber Einschnitte im Gesundheitswesen sowohl Personal und Vorteile&#8221;. -Konzentration wurde eingeleitet, um das Denkmal f\u00fcr die Opfer des Terrorismus [&hellip;]<\/p>\n","protected":false},"author":1,"featured_media":0,"comment_status":"close","ping_status":"open","sticky":false,"template":"","format":"standard","meta":{"footnotes":""},"categories":[3],"tags":[],"class_list":["post-39083","post","type-post","status-publish","format-standard","hentry","category-allgemeine","et-doesnt-have-format-content","et_post_format-et-post-format-standard"],"_links":{"self":[{"href":"https:\/\/www.best-dentist-dentistry.com\/de\/wp-json\/wp\/v2\/posts\/39083","targetHints":{"allow":["GET"]}}],"collection":[{"href":"https:\/\/www.best-dentist-dentistry.com\/de\/wp-json\/wp\/v2\/posts"}],"about":[{"href":"https:\/\/www.best-dentist-dentistry.com\/de\/wp-json\/wp\/v2\/types\/post"}],"author":[{"embeddable":true,"href":"https:\/\/www.best-dentist-dentistry.com\/de\/wp-json\/wp\/v2\/users\/1"}],"replies":[{"embeddable":true,"href":"https:\/\/www.best-dentist-dentistry.com\/de\/wp-json\/wp\/v2\/comments?post=39083"}],"version-history":[{"count":0,"href":"https:\/\/www.best-dentist-dentistry.com\/de\/wp-json\/wp\/v2\/posts\/39083\/revisions"}],"wp:attachment":[{"href":"https:\/\/www.best-dentist-dentistry.com\/de\/wp-json\/wp\/v2\/media?parent=39083"}],"wp:term":[{"taxonomy":"category","embeddable":true,"href":"https:\/\/www.best-dentist-dentistry.com\/de\/wp-json\/wp\/v2\/categories?post=39083"},{"taxonomy":"post_tag","embeddable":true,"href":"https:\/\/www.best-dentist-dentistry.com\/de\/wp-json\/wp\/v2\/tags?post=39083"}],"curies":[{"name":"wp","href":"https:\/\/api.w.org\/{rel}","templated":true}]}}