{"id":39120,"date":"2014-04-12T03:33:23","date_gmt":"2014-04-12T03:33:23","guid":{"rendered":null},"modified":"-0001-11-30T00:00:00","modified_gmt":"-0001-11-30T00:00:00","slug":"afem-sees-positive-fuenlabrada-meets-the-professional-committee-but-remains-for-the-time-being-the-indefinite-strike","status":"publish","type":"post","link":"https:\/\/www.best-dentist-dentistry.com\/de\/afem-sees-positive-fuenlabrada-meets-the-professional-committee-but-remains-for-the-time-being-the-indefinite-strike\/39120","title":{"rendered":"AFEM sieht positive Fuenlabrada entspricht der Professional Ausschuss, aber bleibt vorerst den unbefristeten Streik"},"content":{"rendered":"<p class=\"first\"> MADRID, 14 (EUROPA PRESS)<\/p>\n<p>Madrid Spezialisten Praktiker Association (Afem) positiv, dass der Gesundheitsminister, Javier Fern\u00e1ndez-Fuenlabrada, mit den professionellen Ausschuss Koordinator, die enth\u00e4lt mehrere Berufsgruppen erf\u00fcllen, aber betont, dass Sie die Aufrechterhaltung der Aufforderung zur unbefristeten Streik erstellen.<\/p>\n<p>The Afem, Fatima Bra\u00f1as, Sprecher wies darauf hin, dass diese \u00c4nderung der Einstellung positiv ist aber f\u00fcgte hinzu, dass &#8220;es klar ist, dass es sehr sp\u00e4t&#8221; nach drei Wochen des unbefristeten Streik stattgefunden haben. In diesem Sinne erkl\u00e4rt, dass das Treffen in Bezug auf die Zukunft der Bewegung im Bereich wichtig sein wird.<\/p>\n<p>In seiner Ansicht nach ist es klar, dass ein Treffen, um alternative Vorschl\u00e4ge an den Plan der Nachhaltigkeit des Gesundheitssystems von diskutieren die Beratung &#8220;war notwendig&#8221; zu versuchen, den Konflikt zu beenden, die Landesregierung mit der Belegschaft h\u00e4lt.<\/p>\n<p>Zur Tagung, Branes erkl\u00e4rte, dass klare Widerstand gegen den Plan der Nachhaltigkeit und eine unabdingbare Voraussetzung ist die R\u00fccknahme von sechs Krankenh\u00e4usern und 27 Gesundheit Zentren Gesundheitsmanagement outsourcing werden werden.<\/p>\n<p>Dar\u00fcber hinaus erkl\u00e4rt, dass sie teilnehmen, das Treffen mit Sondervorschl\u00e4ge Effizienz der Ausgaben, die nach professionellen Kriterien entwickelt wurden und es wirkt, z. B. organisatorische Ma\u00dfnahmen zu sichern.<\/p>\n","protected":false},"excerpt":{"rendered":"<p>MADRID, 14 (EUROPA PRESS) Madrid Spezialisten Praktiker Association (Afem) positiv, dass der Gesundheitsminister, Javier Fern\u00e1ndez-Fuenlabrada, mit den professionellen Ausschuss Koordinator, die enth\u00e4lt mehrere Berufsgruppen erf\u00fcllen, aber betont, dass Sie die Aufrechterhaltung der Aufforderung zur unbefristeten Streik erstellen. The Afem, Fatima Bra\u00f1as, Sprecher wies darauf hin, dass diese \u00c4nderung der Einstellung positiv ist aber f\u00fcgte hinzu, [&hellip;]<\/p>\n","protected":false},"author":1,"featured_media":0,"comment_status":"close","ping_status":"open","sticky":false,"template":"","format":"standard","meta":{"footnotes":""},"categories":[3],"tags":[47484,47485,47486],"class_list":["post-39120","post","type-post","status-publish","format-standard","hentry","category-allgemeine","tag-icv","tag-professional-ausschuss","tag-vorerst","et-doesnt-have-format-content","et_post_format-et-post-format-standard"],"_links":{"self":[{"href":"https:\/\/www.best-dentist-dentistry.com\/de\/wp-json\/wp\/v2\/posts\/39120","targetHints":{"allow":["GET"]}}],"collection":[{"href":"https:\/\/www.best-dentist-dentistry.com\/de\/wp-json\/wp\/v2\/posts"}],"about":[{"href":"https:\/\/www.best-dentist-dentistry.com\/de\/wp-json\/wp\/v2\/types\/post"}],"author":[{"embeddable":true,"href":"https:\/\/www.best-dentist-dentistry.com\/de\/wp-json\/wp\/v2\/users\/1"}],"replies":[{"embeddable":true,"href":"https:\/\/www.best-dentist-dentistry.com\/de\/wp-json\/wp\/v2\/comments?post=39120"}],"version-history":[{"count":0,"href":"https:\/\/www.best-dentist-dentistry.com\/de\/wp-json\/wp\/v2\/posts\/39120\/revisions"}],"wp:attachment":[{"href":"https:\/\/www.best-dentist-dentistry.com\/de\/wp-json\/wp\/v2\/media?parent=39120"}],"wp:term":[{"taxonomy":"category","embeddable":true,"href":"https:\/\/www.best-dentist-dentistry.com\/de\/wp-json\/wp\/v2\/categories?post=39120"},{"taxonomy":"post_tag","embeddable":true,"href":"https:\/\/www.best-dentist-dentistry.com\/de\/wp-json\/wp\/v2\/tags?post=39120"}],"curies":[{"name":"wp","href":"https:\/\/api.w.org\/{rel}","templated":true}]}}