{"id":39135,"date":"2014-04-12T03:36:34","date_gmt":"2014-04-12T03:36:34","guid":{"rendered":null},"modified":"-0001-11-30T00:00:00","modified_gmt":"-0001-11-30T00:00:00","slug":"gonzalez-disfigures-the-opposition-anti-system-support-to-an-illegal-demonstration","status":"publish","type":"post","link":"https:\/\/www.best-dentist-dentistry.com\/de\/gonzalez-disfigures-the-opposition-anti-system-support-to-an-illegal-demonstration\/39135","title":{"rendered":"Gonzalez Dauerinvalidit\u00e4t die Opposition &#8220;Anti System&#8221; Unterst\u00fctzung einer illegalen demonstration"},"content":{"rendered":"<p class=\"first\"> Madrid, 20 Dec (EFE).-der Pr\u00e4sident der Gemeinschaft von Madrid, Ignacio Gonz\u00e1lez, kritisierte heute die Opposition, die sich f\u00fcr die Stra\u00dfe &#8220;Algarada&#8221; und &#8220;Wut&#8221; entschieden hat statt verurteilen die Manifestation von gestern zu der Versammlung von Madrid, die jenseits &#8220;\u00fcber Grenzen&#8221; gepr\u00e4gt von der Delegation der Regierung ging.<\/p>\n<p>Gonzalez beschuldigte F\u00fchrer der PSM und IU, Tom\u00e1s G\u00f3mez und Gregorio Gordo, unterst\u00fctzt haben, als w\u00e4ren sie &#8220;Anti-System&#8221; Protest gegen die Gesundheit Pl\u00e4ne der Landesregierung, die auf &#8220;zwingen die Haus-Aktion&#8221; so der Vorsitzende abzielte.<\/p>\n<p>Hinzugef\u00fcgt, das \u00fcberschreiten den Grenzen, die die Regierungsdelegation markiert &#8220;ist ein Verbrechen&#8221; die Opposition sollte verurteilen und hat die Sprecher ger\u00fcgt &#8220;Wut, dass Sie bequem sind&#8221;.<\/p>\n<p>Hat auch belasteten, die in anderen Gemeinden wie Andalusien und Asturien, wo Regel die PSOE und IU, Kosten-Eind\u00e4mmung-Initiativen, die \u00e4hnlich wie jene, die Regionalregierung einnehmen, und auch in ihnen werden Fachleute Streiks stattfinden.<\/p>\n<p>&#8220;Wenn wir L\u00e4rm zu fahren und wann tun sie Sie ist voll und ganz gerechtfertigt&#8221;, hat eine Apostille.<\/p>\n<p>In diesem Zusammenhang in ironischer Weise, die ist &#8220;ungl\u00fccklich&#8221;, dass in der Vergangenheit des Bundesausschusses der PSOE Tom\u00e1s G\u00f3mez nicht ergriffen haben, um &#8220;den Kerl fordern&#8221; Ende dieses &#8220;\u00dcbel&#8221; in diesen Regionen \u00fcberpr\u00fcft.<\/p>\n<p>. Der Sprecher der PSM, Tom\u00e1s G\u00f3mez, ger\u00fcgt Gonzalez, die &#8220;auf dem R\u00fccken&#8221;, regelt mehr als 1 Million von einheimischen &#8220;Wer bittet entfernen Privatisierung Pl\u00e4ne&#8221;, der Arbeitnehmer und der wissenschaftlichen und medizinischen Gesellschaften.<\/p>\n<p>Gomez beschuldigte die PP haben heute bei der Abstimmung \u00fcber den Haushalt f\u00fcr den Zeitraum 2013 die &#8220;Zerst\u00f6rung des \u00f6ffentlichen Gesundheitssystems&#8221; Madrid genehmigt.<\/p>\n<p>Sozialdemokratische Sprecher f\u00fcgte hinzu, dass die Gesundheitspl\u00e4ne der Gemeinschaft von Madrid erhielten nur die Unterst\u00fctzung einer Stiftung bestehend aus sanit\u00e4ren Einrichtungen Spanien beraubt und hat geraten, Privatunternehmen, die Managementvertr\u00e4ge von sechs Krankenh\u00e4usern w\u00e4hlen und 27 Gesundheitszentren, die deren Management ist zu privatisieren, diese werden &#8220;ein schlechtes Gesch\u00e4ft&#8221;, das erste, was die Sozialisten machen werden, wenn sie &#8220;reverse Privatisierungen&#8221; regieren werden.<\/p>\n<p>&#8220;<\/p>\n<p>Dar\u00fcber hinaus seit IU Sprecher Gregorio Gordo, bewahrte den Kampf der kollektive Gesundheit gegen die&#8221;Absicht des Abbaus&#8221;das \u00f6ffentliche System der Gemeinschaft von Madrid, und hat darauf hingewiesen, dass sie ohne Angst sind&#8221; gegen die &#8220;Unterdr\u00fcckung&#8221; gegen &#8220;friedlichen und demokratischen Protest&#8221;.<\/p>\n<p>&#8220;Say Cifuentes, die es ist unn\u00fctz, weiterhin auf dem Weg der Unterdr\u00fcckung,&#8221; hinzugef\u00fcgt Fett, die die Mehrheit-Gruppe &#8220;die Steuer des Erbes und somit muss nicht die 533 Millionen zu senken&#8221;, etwas freigegeben hat, dass auch Gomez, die ihn zur Erh\u00f6hung der ben\u00f6tigt, hat ihn zu den reichsten genannt hat.<\/p>\n<p>Hat auch geraten die stellvertretende IU Rajoy&#8221;Anti-System&#8221;, in Anlehnung an den Pr\u00e4sidenten der Zentralregierung, &#8220;scheint&#8221; verwandelt er sich an das Verfassungsgericht Berufung Ma\u00dfnahmen, wie beispielsweise die Durchf\u00fchrung der Zahlung von einem Euro pro Rezept.<\/p>\n","protected":false},"excerpt":{"rendered":"<p>Madrid, 20 Dec (EFE).-der Pr\u00e4sident der Gemeinschaft von Madrid, Ignacio Gonz\u00e1lez, kritisierte heute die Opposition, die sich f\u00fcr die Stra\u00dfe &#8220;Algarada&#8221; und &#8220;Wut&#8221; entschieden hat statt verurteilen die Manifestation von gestern zu der Versammlung von Madrid, die jenseits &#8220;\u00fcber Grenzen&#8221; gepr\u00e4gt von der Delegation der Regierung ging. Gonzalez beschuldigte F\u00fchrer der PSM und IU, Tom\u00e1s [&hellip;]<\/p>\n","protected":false},"author":1,"featured_media":0,"comment_status":"close","ping_status":"open","sticky":false,"template":"","format":"standard","meta":{"footnotes":""},"categories":[3],"tags":[47500],"class_list":["post-39135","post","type-post","status-publish","format-standard","hentry","category-allgemeine","tag-dauerinvaliditt","et-doesnt-have-format-content","et_post_format-et-post-format-standard"],"_links":{"self":[{"href":"https:\/\/www.best-dentist-dentistry.com\/de\/wp-json\/wp\/v2\/posts\/39135","targetHints":{"allow":["GET"]}}],"collection":[{"href":"https:\/\/www.best-dentist-dentistry.com\/de\/wp-json\/wp\/v2\/posts"}],"about":[{"href":"https:\/\/www.best-dentist-dentistry.com\/de\/wp-json\/wp\/v2\/types\/post"}],"author":[{"embeddable":true,"href":"https:\/\/www.best-dentist-dentistry.com\/de\/wp-json\/wp\/v2\/users\/1"}],"replies":[{"embeddable":true,"href":"https:\/\/www.best-dentist-dentistry.com\/de\/wp-json\/wp\/v2\/comments?post=39135"}],"version-history":[{"count":0,"href":"https:\/\/www.best-dentist-dentistry.com\/de\/wp-json\/wp\/v2\/posts\/39135\/revisions"}],"wp:attachment":[{"href":"https:\/\/www.best-dentist-dentistry.com\/de\/wp-json\/wp\/v2\/media?parent=39135"}],"wp:term":[{"taxonomy":"category","embeddable":true,"href":"https:\/\/www.best-dentist-dentistry.com\/de\/wp-json\/wp\/v2\/categories?post=39135"},{"taxonomy":"post_tag","embeddable":true,"href":"https:\/\/www.best-dentist-dentistry.com\/de\/wp-json\/wp\/v2\/tags?post=39135"}],"curies":[{"name":"wp","href":"https:\/\/api.w.org\/{rel}","templated":true}]}}