{"id":3917,"date":"2012-03-04T10:00:30","date_gmt":"2012-03-04T10:00:30","guid":{"rendered":null},"modified":"-0001-11-30T00:00:00","modified_gmt":"-0001-11-30T00:00:00","slug":"vice-president-ecuador-will-expose-before-the-un-and-the-world-bank-aid-to-the-disabled-program","status":"publish","type":"post","link":"https:\/\/www.best-dentist-dentistry.com\/de\/vice-president-ecuador-will-expose-before-the-un-and-the-world-bank-aid-to-the-disabled-program\/3917","title":{"rendered":"Vizepr\u00e4sident Ecuador werden vor den Vereinten Nationen und die Weltbank Hilfe f\u00fcr das behinderte Programm aussetzen."},"content":{"rendered":"<p class=\"first\"> Quito, 3 M\u00e4r (EFE).-der Vize-Pr\u00e4sident von Ecuador, Len\u00edn Moreno, pr\u00e4sentieren das Programm &#8220;Manuela Espejo&#8221; zugunsten von Personen mit Behinderungen in diesem andinen Land der Weltbank (WB) und die Organisation amerikanischer Staaten (OAS), und es wird in mehreren L\u00e4ndern Lateinamerikas repliziert, es wurde heute berichtet.<\/p>\n<p>Wird Moreno in den Vereinigten Staaten.UU. zwischen 6 und 10 M\u00e4rz, mit Technikern aus der Mission &#8220;Manuela Espejo&#8221;, berichtet die Vizepr\u00e4sidentschaft in einer Anweisung.<\/p>\n<p>Am 7 M\u00e4rz Moreno treffen in Washington mit dem St\u00e4ndigen Rat der OAS, das ecuadorianische Modell der Versorgung f\u00fcr Menschen mit Behinderungen verf\u00fcgbar zu machen.<\/p>\n<p>Dar\u00fcber hinaus initiieren Kontakte mit der Weltbank durch Treffen mit Veronica Queen, Vertreter des globalen Fonds f\u00fcr Behinderungen der Bank mit den regionalen Vorschlag f\u00fcr umfassende Betreuung f\u00fcr Menschen mit Behinderungen durch die Anwendung der ecuadorianischen Modells aufnehmen werden.<\/p>\n<p>Dann Wahida Hug, wer die japanische Zusammenarbeit des Fonds der Weltbank, f\u00fcr Informationen \u00fcber das Mobilit\u00e4tsprojekt f\u00fcr Menschen mit Behinderungen leitet treffen.<\/p>\n<p>Am 8 M\u00e4rz wird die Programm &#8220;Manuela Espejo&#8221; Beh\u00f6rden der Bank, Vertreter der gesellschaftlichen Organisationen und Institutionen arbeiten f\u00fcr und Behinderung USA aussetzen.<\/p>\n<p>Erl\u00e4utern die Art und Weise, in der die Ecuador-Regierung eingeleitet die Mission 294.000 Menschen mit Behinderungen unterst\u00fctzen, wurden von der medizinischen Brigaden nach dem Besuch mehr als eine Million Haushalte in 24 Provinzen des Landes registriert.<\/p>\n<p>Nehmen Sie anschlie\u00dfend im Bereich \u00fcber Rechte von Menschen mit Behinderungen und Betriebshaftpflicht, welche die Rolle der Politik zur F\u00f6rderung einer integrativen Gesellschaft und die ecuadorianische Erfahrung verf\u00fcgbar gemacht wird.<\/p>\n<p>El 9 M\u00e4rz treffen sich in New York mit ecuadorianischen Migranten und wird sich auf umfassende Betreuung f\u00fcr Menschen mit Behinderungen durch &#8220;Manuela Espejo&#8221; in diesem Land w\u00fcrde.<\/p>\n<p>Vor diesem Treffen eine medizinische Brigade &#8220;Manuela Espejo&#8221; zog nach New York zu besuchen und in das Computersystem der Mission zu hundert von Menschen mit Behinderungen Leben in prek\u00e4ren Verh\u00e4ltnissen in den USA registrieren.&#8221;UU. &#8220;f\u00fcr seine Qualit\u00e4t von Migranten&#8221;, sagte die Anweisung.<\/p>\n<p>Die medizinische Studie durchgef\u00fchrt zwischen 22 und 27 Februar empfohlen Kapitulation &#8220;sobald&#8221; 157 technische Hilfe f\u00fcr 28 Menschen mit Behinderungen &#8220;die bedauerliche Situation sind&#8221;, f\u00fcgt die Anweisung.<\/p>\n<p>Programm &#8220;Manuela Espejo&#8221;, ver\u00f6ffentlicht im Jahr 2009 hat die erste Volksz\u00e4hlung von Menschen mit Behinderungen in Ecuador, insgesamt 294.000, laut dem Generalsekret\u00e4r die Vizepr\u00e4sidentschaft, Armando Jagd.<\/p>\n<p>Die Regierung hat seit damals 300.000 technische Hilfsmittel wie Rollst\u00fchle und Kr\u00fccken ausgeliefert.<\/p>\n<p>Die Regierung von Ecuador hat auch das Programm &#8220;Joaqu\u00edn Gallegos Lara&#8221;, 15.000 Menschen mit schweren k\u00f6rperlichen oder geistigen Behinderungen helfen.<\/p>\n<p>Neben der Teilnahme an den betroffenen, Projekt gibt den Babysitter $240 pro Monat.<\/p>\n<p>Am 7 M\u00e4rz Treffen der Vize-Pr\u00e4sident von Ecuador, Lenin Moreno, in Washington mit dem St\u00e4ndigen Rat der OAS, das ecuadorianische Modell der Versorgung f\u00fcr Menschen mit Behinderungen verf\u00fcgbar zu machen. EFE\/Datei<\/p>\n","protected":false},"excerpt":{"rendered":"<p>Quito, 3 M\u00e4r (EFE).-der Vize-Pr\u00e4sident von Ecuador, Len\u00edn Moreno, pr\u00e4sentieren das Programm &#8220;Manuela Espejo&#8221; zugunsten von Personen mit Behinderungen in diesem andinen Land der Weltbank (WB) und die Organisation amerikanischer Staaten (OAS), und es wird in mehreren L\u00e4ndern Lateinamerikas repliziert, es wurde heute berichtet. Wird Moreno in den Vereinigten Staaten.UU. zwischen 6 und 10 M\u00e4rz, [&hellip;]<\/p>\n","protected":false},"author":1,"featured_media":0,"comment_status":"close","ping_status":"open","sticky":false,"template":"","format":"standard","meta":{"footnotes":""},"categories":[3],"tags":[12489,12487,12488],"class_list":["post-3917","post","type-post","status-publish","format-standard","hentry","category-allgemeine","tag-aussetzen","tag-vizeprsident","tag-weltbank-hilfe","et-doesnt-have-format-content","et_post_format-et-post-format-standard"],"_links":{"self":[{"href":"https:\/\/www.best-dentist-dentistry.com\/de\/wp-json\/wp\/v2\/posts\/3917","targetHints":{"allow":["GET"]}}],"collection":[{"href":"https:\/\/www.best-dentist-dentistry.com\/de\/wp-json\/wp\/v2\/posts"}],"about":[{"href":"https:\/\/www.best-dentist-dentistry.com\/de\/wp-json\/wp\/v2\/types\/post"}],"author":[{"embeddable":true,"href":"https:\/\/www.best-dentist-dentistry.com\/de\/wp-json\/wp\/v2\/users\/1"}],"replies":[{"embeddable":true,"href":"https:\/\/www.best-dentist-dentistry.com\/de\/wp-json\/wp\/v2\/comments?post=3917"}],"version-history":[{"count":0,"href":"https:\/\/www.best-dentist-dentistry.com\/de\/wp-json\/wp\/v2\/posts\/3917\/revisions"}],"wp:attachment":[{"href":"https:\/\/www.best-dentist-dentistry.com\/de\/wp-json\/wp\/v2\/media?parent=3917"}],"wp:term":[{"taxonomy":"category","embeddable":true,"href":"https:\/\/www.best-dentist-dentistry.com\/de\/wp-json\/wp\/v2\/categories?post=3917"},{"taxonomy":"post_tag","embeddable":true,"href":"https:\/\/www.best-dentist-dentistry.com\/de\/wp-json\/wp\/v2\/tags?post=3917"}],"curies":[{"name":"wp","href":"https:\/\/api.w.org\/{rel}","templated":true}]}}