{"id":39193,"date":"2014-04-12T04:31:34","date_gmt":"2014-04-12T04:31:34","guid":{"rendered":null},"modified":"-0001-11-30T00:00:00","modified_gmt":"-0001-11-30T00:00:00","slug":"the-diputacian-de-valladolid-will-ask-the-board-guarantees-in-the-provision-of-health-services","status":"publish","type":"post","link":"https:\/\/www.best-dentist-dentistry.com\/de\/the-diputacian-de-valladolid-will-ask-the-board-guarantees-in-the-provision-of-health-services\/39193","title":{"rendered":"the diputacian de valladolid will ask the board guarantees in the provision of health services"},"content":{"rendered":"<p>&lt;!-Google_ad_section_start&#8211;> <\/p>\n<p class=\"first\"> VALLADOLID, 31 (EUROPA PRESS)<\/p>\n<p>La Diputaci\u00f3n de Valladolid stimmte am Freitag w\u00e4hrend der Feier von der gew\u00f6hnlichen Plenum die Junta de Castilla y Le\u00f3n f\u00fcr die Aufrechterhaltung der Qualit\u00e4t der Gesundheitsdienste der N\u00e4he im l\u00e4ndlichen Raum zur Verf\u00fcgung gestellt, in der Provinz anfordern.<\/p>\n<p>Hat ferner beschlossen, die Regionalregierung zum Aufbau von Gesundheitszentren in Laguna de Duero und La Cist\u00e9rniga, f\u00fcr den n\u00e4chsten Entwurf der Umstrukturierung des Interesses des Fachbereich Gesundheitswesen Gemeinschaft\/Karte fordern.<\/p>\n<p>Im Auftrag von Interventionen, die stellvertretende IU, Salvador Harfe, hat darauf hingewiesen, health care, &#8220;eine der gro\u00dfen Errungenschaften der Demokratie&#8221;, und Hilfe kann &#8220;unber\u00fchrt&#8221; Budget-Probleme, zur Zeit, wer daran erinnert, dass die erste Karte vor 30 Jahren gemacht wurde und nun &#8220;die Situation ist nicht das gleiche&#8221;.<\/p>\n<p>Harfe hat \u00fcber die M\u00f6glichkeit Bedenken ge\u00e4u\u00dfert, die Sanit\u00e4ranlagen nicht diese &#8220;rhythmischen&#8221; mit der neuen Struktur der Gemeinschaft messen. Daher sagte, &#8220;nicht verstanden&#8221; einer Umstrukturierung wird die l\u00e4ndliche verletzt und die kommen zusammen mit &#8220;Entschuldigung&#8221; an die Schnitte &#8220;als Dispersion und Entv\u00f6lkerung&#8221; zu rechtfertigen.<\/p>\n<p>Dar\u00fcber hinaus darauf hingewiesen, dass wenn gab es Gelegenheiten, in denen Gesundheit Zentren, das Ministerium geschlossen wurden, beim best\u00e4tigen, dass es im &#8220;Einzelfall&#8221; hat, hat versichert, dass &#8220;Es wird nicht passieren&#8221;, durch eine &#8220;Kontrolle und \u00dcberwachung&#8221;, die Stellvertreter des UI-Arbeit betrachtet hat, dass &#8220;es B\u00fcrgermeister auswirken wird&#8221; der jeweiligen Bev\u00f6lkerungen.<\/p>\n<p>Verlust des &#8220;einzigen Reference&#8221;<\/p>\n<p>Dar\u00fcber hinaus die Diputaci\u00f3n, Juan Jos\u00e9 Zancada, sozialistischen Sprecher erinnerte daran, dass die &#8220;single-Referenz&#8221; in den D\u00f6rfern der Arzt verschwinden k\u00f6nnen.<\/p>\n<p>Aus diesem Grund hat der Vorstand eingeladen &#39; Menschen, die &#8220;you&#8221; an den Minister f\u00fcr Gesundheit, Ana Mato, Walk also &#8220;sehen die Realit\u00e4t der Provinz&#8221;, zur Zeit vermeldet, dass nach dem Treffen mit der Beraterin de Sanidad Antonio Mar\u00eda S\u00e1ez Aguado, mit &#8220;Zufriedenheit und Sorge&#8221; herauskam.<\/p>\n<p>&#8220;<\/p>\n<p>&#8221; Sorge &#8220;stammt aus das Verschwinden von zw\u00f6lf \u00c4rzte und f\u00fcnf Krankenschwestern, die neun grundlegenden Bereiche auswirken werden&#8221; wo weitere Entv\u00f6lkerung. leiden &#8220;Papier ertr\u00e4gt es nicht alle, aber die Realit\u00e4t und des Rechnungsabschlusses der Bewachung Ursachen entsteht oder vor\u00fcbergehend ausgesetzt werden&#8221;, sagte.<\/p>\n<p>Job-Verluste aus der Tilgung von den Stellenangeboten von Ruhestand und die Situation der medizinischen Versorgung im Sommer auch, &#8220;Wenn es verdoppelt oder verdreifacht die Bev\u00f6lkerung in den Gemeinden&#8221; sind auch Umst\u00e4nde, die Schrittl\u00e4nge unterstrichen als &#8220;Besorgnis erregend&#8221;.<\/p>\n<p>Reaktion, &#8220;Zufriedenheit&#8221; der Sprecher der sozialistischen entsteht durch das Engagement des Vorstands nicht zu Stunden geschnitten und bieten den gleichen Service f\u00fcr die B\u00fcrger. In diesem Zusammenhang geltend, dass die PSOE zu \u00fcberwachen, sodass kein &#8220;Mangel an Koordination&#8221; zwischen Gesundheit und Zentren.<\/p>\n<p>Wirtschaftliche Elemente f\u00fcr Kettenrad<\/p>\n<p>Auf der anderen Seite der provinzielle Rat hat beschlossen, einstimmig, Fragen der Junta de Castilla y Le\u00f3n wirtschaftliche Elemente f\u00fcr Forschung und die Schaffung eines Zentrums f\u00fcr Integral der Weymouthskiefer in Pedrajas de San Esteban (Valladolid).<\/p>\n<p>In diesem Zusammenhang der Stellvertreter des PP M\u00e1ximo G\u00f3mez hat darauf hingewiesen, dass die Underperformance des Ritzels von &#8220;hoher Prozentsatz&#8221; des Volkes in Ananas (40 Prozent), motiviert kommt, so dass davon ausgegangen wurde, die Forschung und Studie \u00fcber die Auswirkungen von Krankheiten, die bereits in der Universit\u00e4t Valladolid als &#8220;wichtig&#8221; auftreten, um auf das Anliegen der Produzenten zu reagieren.<\/p>\n<p>Nachdem die Faktoren bestimmt, die diese Frucht zu beeinflussen, Gomez, hat angedeutet, dass Umgang mit dem Board eine gemeinsame Strategie &#8220;handeln gegen die Sch\u00e4dlinge&#8221;, organisiert werden m\u00fcssen und &#8220;warten&#8221;, die neue Landesregierung Forstwirtschaft Plan.<\/p>\n<p>Sprechen, Harfe, unterstrich die Bedeutung von N\u00fcssen auf dem Bauernhof, &#8220;einer der wenigen einheimischen Ressourcen der Provinz&#8221;, und beide Vorschl\u00e4ge als &#8220;Erg\u00e4nzung&#8221; ausgewertet hat.<\/p>\n<p>Auf der anderen Seite hat der sozialistischen stellvertretender Angel Luis Torrero bedauert, dass das Board &#8220;war vor noch jetzt erwartet&#8221;, zu der Zeit, die darauf, dass die Ma\u00dfnahme hinwies enth\u00e4lt, die die Schaffung eines Zentrums, das bereits von der PSOE dargestellt, vor zwei Jahren, aber &#8220;besser sp\u00e4t als nie&#8221;.<\/p>\n<p>In der Tat hat diese Verz\u00f6gerung beeinflusst Zeit bedeutete eine &#8220;Reduktion&#8221; der kommunalen Einnahmen und das Board, ein R\u00fcckgang von Arbeitspl\u00e4tzen und &#8220;letztendlich&#8221;, einer &#8220;signifikanten Reduktion der&#8221; l\u00e4ndlichen T\u00e4tigkeit.<\/p>\n<p>Hingegen hat Bedenken ge\u00e4u\u00dfert das Abkommen zwischen dem Vorstand und die Trauben f\u00fcr die Entwicklung der Biomasse, die beeinflussen k\u00f6nnten, die Entwicklung der Mykologie, sagte Gomez gibt einen Plan &#8220;zur Verteidigung&#8221; ist diese Ressource und 9.000 Genehmigungen geliefert in dieser Kampagne &#8220;die Machbarkeit des gleichen zu garantieren&#8221;.<\/p>\n<p>Schlie\u00dflich, sagte Gomez, dass nun&#8221;es nicht am besten geeignet f\u00fcr den Bau des Zentrums&#8221; und hat auf die Notwendigkeit zu studieren, und verwenden \u00dcberschriften, um zu erforschen, was hat Torrero repliziert, die Sch\u00e4dlinge &#8220;sind bereits bekannt&#8221; und Rath\u00e4user als die Vadestillas &#8220;verloren haben das \u00c4quivalent von&#8221; beeinflusst eine ganze Provinz Plan Vorteile.<\/p>\n<p>Andere Vorschl\u00e4ge<\/p>\n<p>W\u00e4hrend der Plenarsitzung wurden sozialistische Vorschlag f\u00fcr die Erf\u00fcllung der Entschlie\u00dfung der Staatsanwaltschaft von gemeinsamen Nutzen von pflegebed\u00fcrftigen, die angefordert wurde ablehnen, die die H\u00f6he f\u00e4llig als Bestimmung und Information der Menschen in einer Situation der Abh\u00e4ngigkeit der &#8220;so bald wie m\u00f6glich&#8221;<\/p>\n<p>So der Stellvertreter der Gleichheit der Chancen und Kultur, Artemio Rodr\u00edguez, darauf hingewiesen, dass die PP nicht zu dieser Ma\u00dfnahme unterst\u00fctzen bef\u00fcrwortete der sozialistischen Vertreter Marta Olmedo, durch Verst\u00e4ndnis, dass alle Personen entsch\u00e4digte &#8220;bequem&#8221; informiert wurden \u00c4nderungen und die entsprechenden Betr\u00e4ge.<\/p>\n<p>Auf dem Spiegel Olmedo sicherte sich die PP in dieser Angelegenheit K\u00fcrzungen bei den &#8220;Mangel an Sorge&#8221; der Junta zu bezeichnen, f\u00fcr pflegebed\u00fcrftige Menschen und dass der Vorschlag die Unterst\u00fctzung des Attorney General, hat also nicht mehr &#8220;eine willk\u00fcrliche Forderungen der Opposition&#8221;.<\/p>\n<p>Auch verweigert den Vorschlag von Mar\u00eda Jes\u00fas Lobo, sozialistischen Stellvertreter, neue Ma\u00dfnahmen zur Bek\u00e4mpfung der Entv\u00f6lkerung im l\u00e4ndlichen Raum zu verstehen, die people&rsquo;s Party, die die Diputaci\u00f3n de Valladolid \u00fcbt arbeiten &#8220;herrlichen&#8221; f\u00fcr die Qualit\u00e4t der Dienstleistungen und beherbergt die Ma\u00dfnahmen im Bereich der Diagnostik und Bek\u00e4mpfung der Entv\u00f6lkerung.<\/p>\n<p>IU hat eine Initiative, die &#8220;neuen&#8221; auf die Tabelle-Opfer von h\u00e4uslicher Gewalt und die Notwendigkeit die Abbildung auf der Passagierliste machen wollte hat pr\u00e4sentiert &#8220;die diese Menschen und unterst\u00fctzen Transact mit ihnen die b\u00fcrokratischen Ma\u00dfnahmen&#8221;, wie Harfe hingewiesen.<\/p>\n<p>Hat auch gefordert, da\u00df die Provinzregierung die Kontinuit\u00e4t der Leistungen garantiert sofern derzeit, was Virginia Andres (PP) beantwortet hat, die die Verwaltung dieser Dienst zur gleichen Zeit hat das bereits best\u00e4tigt die Kontinuit\u00e4t der Leistungen.<\/p>\n<p>Schlie\u00dflich, und einstimmig, alle Gruppen haben zugestimmt, um 1,5 Millionen f\u00fcr die Kommunen f\u00fcr laufende Ausgaben, mit 200.000 Euro f\u00fcr die l\u00e4ndliche Besch\u00e4ftigung Planen von 18 Rathaus zu subventionieren und verbringen 436,500 Euro auf den Aufruf von Subventionen von NGOs f\u00fcr Projekte von &#39; Dritten Welt &#39;, und fordern Sie das Erzbistum die Verwendung von Immobilien-Objekt der Restaurierung f\u00fcr kulturelle und soziale Zwecke.<\/p>\n<p>&lt;!-Google_ad_section_end&#8211;><\/p>\n","protected":false},"excerpt":{"rendered":"<p>&lt;!-Google_ad_section_start&#8211;> VALLADOLID, 31 (EUROPA PRESS) La Diputaci\u00f3n de Valladolid stimmte am Freitag w\u00e4hrend der Feier von der gew\u00f6hnlichen Plenum die Junta de Castilla y Le\u00f3n f\u00fcr die Aufrechterhaltung der Qualit\u00e4t der Gesundheitsdienste der N\u00e4he im l\u00e4ndlichen Raum zur Verf\u00fcgung gestellt, in der Provinz anfordern. Hat ferner beschlossen, die Regionalregierung zum Aufbau von Gesundheitszentren in Laguna [&hellip;]<\/p>\n","protected":false},"author":1,"featured_media":0,"comment_status":"close","ping_status":"open","sticky":false,"template":"","format":"standard","meta":{"footnotes":""},"categories":[3],"tags":[],"class_list":["post-39193","post","type-post","status-publish","format-standard","hentry","category-allgemeine","et-doesnt-have-format-content","et_post_format-et-post-format-standard"],"_links":{"self":[{"href":"https:\/\/www.best-dentist-dentistry.com\/de\/wp-json\/wp\/v2\/posts\/39193","targetHints":{"allow":["GET"]}}],"collection":[{"href":"https:\/\/www.best-dentist-dentistry.com\/de\/wp-json\/wp\/v2\/posts"}],"about":[{"href":"https:\/\/www.best-dentist-dentistry.com\/de\/wp-json\/wp\/v2\/types\/post"}],"author":[{"embeddable":true,"href":"https:\/\/www.best-dentist-dentistry.com\/de\/wp-json\/wp\/v2\/users\/1"}],"replies":[{"embeddable":true,"href":"https:\/\/www.best-dentist-dentistry.com\/de\/wp-json\/wp\/v2\/comments?post=39193"}],"version-history":[{"count":0,"href":"https:\/\/www.best-dentist-dentistry.com\/de\/wp-json\/wp\/v2\/posts\/39193\/revisions"}],"wp:attachment":[{"href":"https:\/\/www.best-dentist-dentistry.com\/de\/wp-json\/wp\/v2\/media?parent=39193"}],"wp:term":[{"taxonomy":"category","embeddable":true,"href":"https:\/\/www.best-dentist-dentistry.com\/de\/wp-json\/wp\/v2\/categories?post=39193"},{"taxonomy":"post_tag","embeddable":true,"href":"https:\/\/www.best-dentist-dentistry.com\/de\/wp-json\/wp\/v2\/tags?post=39193"}],"curies":[{"name":"wp","href":"https:\/\/api.w.org\/{rel}","templated":true}]}}