{"id":39201,"date":"2014-04-12T04:32:10","date_gmt":"2014-04-12T04:32:10","guid":{"rendered":null},"modified":"-0001-11-30T00:00:00","modified_gmt":"-0001-11-30T00:00:00","slug":"ppdeg-believed-to-be-important-thing-who-will-be-in-the-convention-when-feijoo-will-defend-a-pact-for-health","status":"publish","type":"post","link":"https:\/\/www.best-dentist-dentistry.com\/de\/ppdeg-believed-to-be-important-thing-who-will-be-in-the-convention-when-feijoo-will-defend-a-pact-for-health\/39201","title":{"rendered":"ppdeg believed to be important thing who will be in the convention when feijoo will defend a pact for health"},"content":{"rendered":"<p>&lt;!-Google_ad_section_start&#8211;> <\/p>\n<p>SANTIAGO DE COMPOSTELA, 31 (EUROPA PRESS)<\/p>\n<p class=\"first\"> &#8220;von denen einige nicht und sie jetzt verlangen besonderen Bedeutung noch wurden im Jahr 2011 als Rajoy gewann&#8221;, warnt Prado<\/p>\n<p>. der Sprecher der galizischen PP, Paula Prado, in Betracht gezogen, dass &#8220;das wichtigste&#8221; Wer ist &#8220;sein&#8221; und &#8220;Wer nicht werden nicht&#8221; in die Konvention, die die beliebte dieses Wochenende in Valladolid statt, in dem der Pr\u00e4sident der Regierung und Partei in der Gemeinschaft, Alberto N\u00fa\u00f1ez Feij\u00f3o, f\u00f6rdert einen Pakt von Volksgesundheit von Galicien als &#8220;Modell&#8221;.<\/p>\n<p>&#8220;, Aber einige von denen, die nicht und die, die sie jetzt kostenlos besonderen Bedeutung, waren nicht im Jahr 2011 als Mariano Rajoy allgemeinen Wahlen mit der absoluten Mehrheit gewann&#8221; hat Paula Prado aufgefordert werden durch die Abwesenheiten zu diesem \u00dcbereinkommen, wie der Pr\u00e4sident Jos\u00e9 Mar\u00eda Aznar oder Jaime Mayor Oreja vernietet.<\/p>\n<p>Zuvor, Paula Prado betont die Anwesenheit die Galicien in diesem \u00dcbereinkommen, denen die Galicier Partei eine Delegation von etwa 100 Menschen, die unter der Leitung von Feijoo bringt, und zwischen denen sind, dem Generalsekret\u00e4r, Alfonso Rueda und eine Darstellung der vier Provinzen.<\/p>\n<p>&#8220;die Beteiligung von Galicien werden mit eine sehr prominente Rolle&#8221; wies die Volksf\u00fchrer, der erkl\u00e4rte, dass &#8220;nehmen einen Vorschlag zur Verteidigung ein Gesundheit-Manifest, der Schutz der \u00f6ffentlichen Gesundheit&#8221; Pr\u00e4sident-Feij\u00f3o.<\/p>\n<p>Tage nach Gerechtigkeit aufzuheben, die Privatisierung der Gesundheit-Madrid, Feijoo &#8220;werde als Beispiel&#8221; der galizischen Gemeinschaft, die auch in den Worten von Paula Prado, &#8220;nicht reduzieren der Investitionen im Gesundheitswesen&#8221; und das &#8220;Krankenh\u00e4user und Gesundheitszentren ge\u00f6ffnet werden&#8221;. Dar\u00fcber hinaus beeinflusst, dass Galicien reduzierte &#8220;die Wartelisten f\u00fcr Erkrankungen der Priorit\u00e4t 1 und 2&#8221; wurde.<\/p>\n<p>Der Regionspr\u00e4sident wird ebenso Ma\u00dfnahmen verteidigen, wie der Katalog der Drogen die Legislative \u00fcbergeben, um auf die Droge-Rechnung sparen genehmigt.<\/p>\n<p>ALFONSO RUEDA, Manifest<\/p>\n<p>Neben der Verteidigung der \u00f6ffentlichen Gesundheit, Alfonso Rueda werden einer der Referenten auf der Messe, die die PP als S\u00e4ule in ihrem Wahlprogramm f\u00fcr die Europ\u00e4er, zusammen mit den B\u00fcrgermeistern von Salamanca und Valencia &#8211; Alfonso Fern\u00e1ndez Ma\u00f1ueco und Rita Barbera und der Generalsekret\u00e4r der parlamentarischen Gruppe im Kongress, Jos\u00e9 Antonio Berm\u00fadez de Castro verwenden werden.<\/p>\n<p>Paula Prado hat In diesem Zusammenhang erkl\u00e4rt, dass der Vizepr\u00e4sident der Regionalregierung wird auch in ihren Vorschl\u00e4gen f\u00fcr das Manifest den Geltungsbereich der Geschlechter &#8220;nicht vorrangig, sondern als ein Element, das in den Priorit\u00e4ten der Politik der Europ\u00e4ischen Union einbezogen werden muss&#8221;.<\/p>\n<p>Zweitens liefert auch Ideen zu Themen wie der produktiven Sektoren, Nutztiere, Landwirtschaft, Fischerei, Industrie und die Marine.<\/p>\n<p>F\u00fcr seinen Teil, wird der Minister f\u00fcr Entwicklung, Ana Pastor, heben die Bedeutung der Infrastruktur und den Gemeinschaftsfonds durchzuf\u00fchren. In der Zwischenzeit spricht der Sprecher der PP im Kongress, Jos\u00e9 Manuel Barreiro, in einem der Dialoge in der Agora auf &#39; Plural Spanien &#39;, wo spiegeln die Bedeutung der Koexistenz und Harmonie in einer plural-Umgebung und auf den kulturellen und sozialen Reichtum.<\/p>\n<p>Der Premierminister, Mariano Rajoy, schlie\u00dft die Konvention, die konzentriert sich auch auf die Richtlinien der Erholung, Balance-Arbeit und Politik, die bisher durchgef\u00fchrten machen. Dar\u00fcber hinaus dieses \u00dcbereinkommens, sagte Prado, wird auch dazu dienen, &#8220;die Ideologie f\u00fcr die Europ\u00e4ische und dem Ende der Legislaturperiode aktualisieren&#8221;.<\/p>\n<p>&lt;!-Google_ad_section_end&#8211;><\/p>\n","protected":false},"excerpt":{"rendered":"<p>&lt;!-Google_ad_section_start&#8211;> SANTIAGO DE COMPOSTELA, 31 (EUROPA PRESS) &#8220;von denen einige nicht und sie jetzt verlangen besonderen Bedeutung noch wurden im Jahr 2011 als Rajoy gewann&#8221;, warnt Prado . der Sprecher der galizischen PP, Paula Prado, in Betracht gezogen, dass &#8220;das wichtigste&#8221; Wer ist &#8220;sein&#8221; und &#8220;Wer nicht werden nicht&#8221; in die Konvention, die die beliebte [&hellip;]<\/p>\n","protected":false},"author":1,"featured_media":0,"comment_status":"close","ping_status":"open","sticky":false,"template":"","format":"standard","meta":{"footnotes":""},"categories":[3],"tags":[47570],"class_list":["post-39201","post","type-post","status-publish","format-standard","hentry","category-allgemeine","tag-bischof","et-doesnt-have-format-content","et_post_format-et-post-format-standard"],"_links":{"self":[{"href":"https:\/\/www.best-dentist-dentistry.com\/de\/wp-json\/wp\/v2\/posts\/39201","targetHints":{"allow":["GET"]}}],"collection":[{"href":"https:\/\/www.best-dentist-dentistry.com\/de\/wp-json\/wp\/v2\/posts"}],"about":[{"href":"https:\/\/www.best-dentist-dentistry.com\/de\/wp-json\/wp\/v2\/types\/post"}],"author":[{"embeddable":true,"href":"https:\/\/www.best-dentist-dentistry.com\/de\/wp-json\/wp\/v2\/users\/1"}],"replies":[{"embeddable":true,"href":"https:\/\/www.best-dentist-dentistry.com\/de\/wp-json\/wp\/v2\/comments?post=39201"}],"version-history":[{"count":0,"href":"https:\/\/www.best-dentist-dentistry.com\/de\/wp-json\/wp\/v2\/posts\/39201\/revisions"}],"wp:attachment":[{"href":"https:\/\/www.best-dentist-dentistry.com\/de\/wp-json\/wp\/v2\/media?parent=39201"}],"wp:term":[{"taxonomy":"category","embeddable":true,"href":"https:\/\/www.best-dentist-dentistry.com\/de\/wp-json\/wp\/v2\/categories?post=39201"},{"taxonomy":"post_tag","embeddable":true,"href":"https:\/\/www.best-dentist-dentistry.com\/de\/wp-json\/wp\/v2\/tags?post=39201"}],"curies":[{"name":"wp","href":"https:\/\/api.w.org\/{rel}","templated":true}]}}