{"id":39207,"date":"2014-04-12T04:33:06","date_gmt":"2014-04-12T04:33:06","guid":{"rendered":null},"modified":"-0001-11-30T00:00:00","modified_gmt":"-0001-11-30T00:00:00","slug":"mato-announces-a-strategic-plan-to-improve-care-for-children-with-cancer","status":"publish","type":"post","link":"https:\/\/www.best-dentist-dentistry.com\/de\/mato-announces-a-strategic-plan-to-improve-care-for-children-with-cancer\/39207","title":{"rendered":"mato announces a strategic plan to improve care for children with cancer"},"content":{"rendered":"<p>&lt;!-Google_ad_section_start&#8211;> <\/p>\n<p class=\"first\"> Madrid, 4 feb (EFE).-der Minister f\u00fcr Gesundheit, Ana Mato, gab heute bekannt, dass die Einf\u00fchrung einer &#8220;strategischen Linie&#8221; von Krebs zur Verbesserung der Qualit\u00e4t der Hilfe f\u00fcr das \u00f6ffentliche Gesundheitswesen bietet f\u00fcr Kinder und Jugendliche mit dieser Bedingung, einschlie\u00dflich p\u00e4diatrischen Einheiten von bis zu 18 Jahren krank.<\/p>\n<p>Hat diese Ank\u00fcndigung am Tag Welt Krebs w\u00e4hrend des Forums III gegen Krebs, organisiert von der spanischen Vereinigung gegen Krebs (Aecc), unter dem Vorsitz von zu Ehren von Prinzessin von Asturien, die das Treffen mit ihre Hilfe f\u00fcr die Papier und zwei Tabellen der Diskussion mit dem Patienten und Spezialisten unterst\u00fctzt hat.<\/p>\n<p>Do\u00f1a Letizia hat das Forum als eine Chance f\u00fcr \u00c4rzte, Patienten, Forscher und Psychologen zu &#8220;versuchen zu erkl\u00e4ren, wie Menschen Leben dieser Moment, den Krebs zu diagnostizieren&#8221; pr\u00e4sentiert, ohne zu vergessen, des &#8220;umfassenden und multidisziplin\u00e4ren&#8221; Ansatzes, von dem die AECC befasst sich mit den Problemen von dieser Krankheit.<\/p>\n<p>Aus diesem Anlass hat betont, es antwortet auf die Frage, ob &#8220;ist wirklich die Patienten Priorit\u00e4t&#8221;, etwas, dass die Teilnehmer am Runden Tisch platziert haben, im Zweifelsfall, bessere Informationen f\u00fcr den Patienten zum Zeitpunkt der Diagnose sowie mehr Unterst\u00fctzung f\u00fcr ihre Familien und ihn geltend zu machen.<\/p>\n<p>&lt;!-Google_ad_section_end&#8211;><\/p>\n","protected":false},"excerpt":{"rendered":"<p>&lt;!-Google_ad_section_start&#8211;> Madrid, 4 feb (EFE).-der Minister f\u00fcr Gesundheit, Ana Mato, gab heute bekannt, dass die Einf\u00fchrung einer &#8220;strategischen Linie&#8221; von Krebs zur Verbesserung der Qualit\u00e4t der Hilfe f\u00fcr das \u00f6ffentliche Gesundheitswesen bietet f\u00fcr Kinder und Jugendliche mit dieser Bedingung, einschlie\u00dflich p\u00e4diatrischen Einheiten von bis zu 18 Jahren krank. Hat diese Ank\u00fcndigung am Tag Welt Krebs [&hellip;]<\/p>\n","protected":false},"author":1,"featured_media":0,"comment_status":"close","ping_status":"open","sticky":false,"template":"","format":"standard","meta":{"footnotes":""},"categories":[3],"tags":[47578],"class_list":["post-39207","post","type-post","status-publish","format-standard","hentry","category-allgemeine","tag-gefasste","et-doesnt-have-format-content","et_post_format-et-post-format-standard"],"_links":{"self":[{"href":"https:\/\/www.best-dentist-dentistry.com\/de\/wp-json\/wp\/v2\/posts\/39207","targetHints":{"allow":["GET"]}}],"collection":[{"href":"https:\/\/www.best-dentist-dentistry.com\/de\/wp-json\/wp\/v2\/posts"}],"about":[{"href":"https:\/\/www.best-dentist-dentistry.com\/de\/wp-json\/wp\/v2\/types\/post"}],"author":[{"embeddable":true,"href":"https:\/\/www.best-dentist-dentistry.com\/de\/wp-json\/wp\/v2\/users\/1"}],"replies":[{"embeddable":true,"href":"https:\/\/www.best-dentist-dentistry.com\/de\/wp-json\/wp\/v2\/comments?post=39207"}],"version-history":[{"count":0,"href":"https:\/\/www.best-dentist-dentistry.com\/de\/wp-json\/wp\/v2\/posts\/39207\/revisions"}],"wp:attachment":[{"href":"https:\/\/www.best-dentist-dentistry.com\/de\/wp-json\/wp\/v2\/media?parent=39207"}],"wp:term":[{"taxonomy":"category","embeddable":true,"href":"https:\/\/www.best-dentist-dentistry.com\/de\/wp-json\/wp\/v2\/categories?post=39207"},{"taxonomy":"post_tag","embeddable":true,"href":"https:\/\/www.best-dentist-dentistry.com\/de\/wp-json\/wp\/v2\/tags?post=39207"}],"curies":[{"name":"wp","href":"https:\/\/api.w.org\/{rel}","templated":true}]}}