{"id":39214,"date":"2014-04-12T04:34:22","date_gmt":"2014-04-12T04:34:22","guid":{"rendered":null},"modified":"-0001-11-30T00:00:00","modified_gmt":"-0001-11-30T00:00:00","slug":"mato-said-that-the-next-report-of-the-council-of-europe-will-ensure-that-the-decree-guarantees-the-health-immigrants","status":"publish","type":"post","link":"https:\/\/www.best-dentist-dentistry.com\/de\/mato-said-that-the-next-report-of-the-council-of-europe-will-ensure-that-the-decree-guarantees-the-health-immigrants\/39214","title":{"rendered":"mato said that the next report of the council of europe will ensure that the decree guarantees the health immigrants"},"content":{"rendered":"<p>&lt;!-Google_ad_section_start&#8211;> <\/p>\n<p class=\"first\"> MADRID, 11 (EUROPA PRESS)<\/p>\n<p>der Minister f\u00fcr Gesundheit, soziale Dienste und Gleichheit, Ana Mato, erkl\u00e4rte am Dienstag im Plenum des Senats, die der n\u00e4chste Bericht des Europarats, dass das K\u00f6nigliche Dekret der Nachhaltigkeit des nationalen Systems der Gesundheit (SNS) sicherstellen, genehmigt von der Regierung im April 2012, garantieren die &#8220;Universalit\u00e4t&#8221; und die &#8220;bessere Gesundheitsversorgung&#8221; Einwanderer in einer regelwidrigen Lage.<\/p>\n<p>Mato reagierte damit auf eine Frage von der Senator der baskische Fraktion, Jos\u00e9 Mar\u00eda Cazalis Eiguren, \u00fcber die Ma\u00dfnahmen der Regierung, das Recht auf medizinische Versorgung f\u00fcr die Menschen zu erkennen, die nicht den Status des Versicherten oder Beg\u00fcnstigten des NHS, entsprechend den Schlussfolgerungen des Europ\u00e4ischen Ausschusses f\u00fcr soziale Rechte verf\u00fcgen.<\/p>\n<p>Und ist, dass am Ende Januar, des Europarates einen Bericht in der Gesundheitsreform ver\u00f6ffentlichte, angetrieben von Mato als entgegen seiner Vereinbarung und Spanien erinnert, dass es zugesagt hatte, um die in der Europ\u00e4ischen Sozialcharta, die Gesundheitsversorgung f\u00fcr alle Einwohner, unabh\u00e4ngig von ihrem Aufenthaltsstatus f\u00fcr Ausl\u00e4nder aus nicht-europ\u00e4ischen L\u00e4ndern bieten verpflichtet verankerten Rechte zu gew\u00e4hrleisten, Menschenrechtskonventionen ratifiziert oder Verabschiedung nationaler Rechtsvorschriften.<\/p>\n<p>Der Senator hat Echo dieses Berichts und beschuldigte die Ministerin die Anwendung dieser Verordnung, eingedenk dessen, dass die baskische Regierung versucht hat, Gesundheitsversorgung zu dieser Gruppe zu geben, w\u00e4hrend Executive von Mariano Rajoy und die Verteidigung des Staates es vor dem Verfassungsgerichtshof angefochten haben vorl\u00e4ufig Aussetzung der Ma\u00dfnahme durch die Gemeinschaft. Daher forderten Sie, dass &#8220;entfernen oder \u00e4ndern&#8221; K\u00f6nigliches Dekret sowohl die sp\u00e4teren Entwicklungen im Legislativ- und Zubeh\u00f6r desselben.<\/p>\n<p>&#8220;stellen nicht mehr Hindernisse an die autonomen Gemeinschaften zur Einhaltung der Bestimmungen des Europ\u00e4ischen Sozialmodells Charta und der spanischen Verfassung mit ausreichend und notwendige Sicherheit ist bereits etwas fair und sehr n\u00f6tig, und au\u00dferdem wird es viel besser f\u00fcr uns alle werden&#8221;, hat eine Apostille Cazalis Eiguren.<\/p>\n<p>Haben diese Kritik durch die Au\u00dfenministerin, die darauf hingewiesen, dass der Bericht des Europarats im Zeitraum 2008-2011, ausgewertet Zeit, der Executive von Jos\u00e9 Luis Rodr\u00edguez Zapatero, und der Punkt regierende war widerlegt wurde vierte Artikel 132 der Europ\u00e4ischen Sozialcharta, &#8220;auf den sich der Bericht bezieht,&#8221; genannten &#8220;ein und nur&#8221; B\u00fcrger legal in Spanien sind.<\/p>\n<p>&#8220;sagt auch in die Erw\u00e4hnung, die unser k\u00f6nigliches Dekret macht, dass diese Reform analysiert werden kann, da es au\u00dferhalb des Berichtszeitraums aufgetreten ist. Allerdings passen nicht Sie kein Zweifel, dass die bevorstehende Berichte zeigen, dass diese Reform-Garantie, die Universalit\u00e4t und die beste Pflege all jene auf, die die Europ\u00e4ische Kommission verweist&#8221;, betonte Mato.<\/p>\n<p>Schlie\u00dflich hat der Minister &#8220;Seelenruhe&#8221; haben versichert, dass seine Minister und somit das Ministerium, ist die &#8220;Erf\u00fcllung&#8221; alle Regelungen der Europ\u00e4ischen Union und gew\u00e4hrleistet die medizinische Versorgung &#8220;f\u00fcr alle&#8221; B\u00fcrger.<\/p>\n<p>&lt;!-Google_ad_section_end&#8211;><\/p>\n","protected":false},"excerpt":{"rendered":"<p>&lt;!-Google_ad_section_start&#8211;> MADRID, 11 (EUROPA PRESS) der Minister f\u00fcr Gesundheit, soziale Dienste und Gleichheit, Ana Mato, erkl\u00e4rte am Dienstag im Plenum des Senats, die der n\u00e4chste Bericht des Europarats, dass das K\u00f6nigliche Dekret der Nachhaltigkeit des nationalen Systems der Gesundheit (SNS) sicherstellen, genehmigt von der Regierung im April 2012, garantieren die &#8220;Universalit\u00e4t&#8221; und die &#8220;bessere Gesundheitsversorgung&#8221; [&hellip;]<\/p>\n","protected":false},"author":1,"featured_media":0,"comment_status":"close","ping_status":"open","sticky":false,"template":"","format":"standard","meta":{"footnotes":""},"categories":[3],"tags":[],"class_list":["post-39214","post","type-post","status-publish","format-standard","hentry","category-allgemeine","et-doesnt-have-format-content","et_post_format-et-post-format-standard"],"_links":{"self":[{"href":"https:\/\/www.best-dentist-dentistry.com\/de\/wp-json\/wp\/v2\/posts\/39214","targetHints":{"allow":["GET"]}}],"collection":[{"href":"https:\/\/www.best-dentist-dentistry.com\/de\/wp-json\/wp\/v2\/posts"}],"about":[{"href":"https:\/\/www.best-dentist-dentistry.com\/de\/wp-json\/wp\/v2\/types\/post"}],"author":[{"embeddable":true,"href":"https:\/\/www.best-dentist-dentistry.com\/de\/wp-json\/wp\/v2\/users\/1"}],"replies":[{"embeddable":true,"href":"https:\/\/www.best-dentist-dentistry.com\/de\/wp-json\/wp\/v2\/comments?post=39214"}],"version-history":[{"count":0,"href":"https:\/\/www.best-dentist-dentistry.com\/de\/wp-json\/wp\/v2\/posts\/39214\/revisions"}],"wp:attachment":[{"href":"https:\/\/www.best-dentist-dentistry.com\/de\/wp-json\/wp\/v2\/media?parent=39214"}],"wp:term":[{"taxonomy":"category","embeddable":true,"href":"https:\/\/www.best-dentist-dentistry.com\/de\/wp-json\/wp\/v2\/categories?post=39214"},{"taxonomy":"post_tag","embeddable":true,"href":"https:\/\/www.best-dentist-dentistry.com\/de\/wp-json\/wp\/v2\/tags?post=39214"}],"curies":[{"name":"wp","href":"https:\/\/api.w.org\/{rel}","templated":true}]}}