{"id":39245,"date":"2014-04-16T02:55:29","date_gmt":"2014-04-16T02:55:29","guid":{"rendered":null},"modified":"-0001-11-30T00:00:00","modified_gmt":"-0001-11-30T00:00:00","slug":"the-prosecutors-office-of-colombia-will-acknowledge-to-19-palm-displace-peasants","status":"publish","type":"post","link":"https:\/\/www.best-dentist-dentistry.com\/de\/the-prosecutors-office-of-colombia-will-acknowledge-to-19-palm-displace-peasants\/39245","title":{"rendered":"Im Prosecutors Office von Kolumbien bis 19 best\u00e4tigt Palm verdr\u00e4ngen Bauern"},"content":{"rendered":"<p class=\"first\"> Bogota, 30 jul (EFE).-der Attorney General von Kolumbien, Eduardo Montealegre, k\u00fcndigte an, dass es ein Armutszeugnis f\u00fcr 19 Unternehmer Palm\u00f6l bereitet sich auf seine angebliche Verantwortung f\u00fcr die Vertreibung von Bauern im Weiler Curvarad\u00f3, usual-Szenario von der Enteignung von Land im Nordwesten des Landes.<\/p>\n<p>Montealegre sagte nach einem Treffen mit Landwirtschaftsminister Juan Camilo Restrepo und Kl\u00e4ger Staats-und Regierungschefs der L\u00e4nder in den Justizpalast in Bogot\u00e1, die Arbeitgeber wurden bereits identifiziert und es ist geplant, die in den kommenden Tagen die formelle Anklage vor den zust\u00e4ndigen Beh\u00f6rden machen.<\/p>\n<p>Sagte er, die anklagende Entit\u00e4t schnappte bereits \u00fcber den abisolierten Bereich, die 100.000 Hektar und befindet sich in der Abteilung Choc\u00f3.<\/p>\n<p>&#8220;Es gibt einige Vorw\u00fcrfe gegen 19 Unternehmer von der Palmicultura. Wir sind bewertende zu dieser Zeit, wenn es vorhanden ist oder nicht sinnvoll, um mehr Menschen zu verkn\u00fcpfen&#8221;, sagte Montealegre.<\/p>\n<p>Ihrerseits Restrepo sagte, dass die Regierung einige 40 Unternehmer besetzen Land der indigenen und Afro-Nachkomme Gemeinschaften in den Choc\u00f3 erkannt hat.<\/p>\n<p>Ist eines der Epizentren der meisten sprach \u00fcber F\u00e4lle von Pl\u00fcnderungen und R\u00fcckgabe von Fl\u00e4chen, haupts\u00e4chlich Afro-kolumbianischen Gemeinschaft besessen Curvarad\u00f3.<\/p>\n<p>In der Tat, das kolumbianische Verfassungsgericht in 2010 bestellt, sch\u00fctzen ihr Leben und ihre L\u00e4ndereien, was der Staatsanwaltschaft mehrere Untersuchungen begonnen hat seit damals gegen Gesch\u00e4ftsleute, die angeblich mit Paramilit\u00e4rs, das Land der Bauern und Install-Palm\u00f6l-Monokulturen zu usurpieren verb\u00fcndet.<\/p>\n<p>Der Regierung von Pr\u00e4sident Juan Manuel Santos unterzeichnete in Anwesenheit des Generalsekret\u00e4rs der Vereinten Nationen, Ban Ki-Moon, im Juni 2011 das Gesetz der Opfer und Landr\u00fcckgabe, die wenige Monate zuvor, Kongress vorgelegt.<\/p>\n<p>Bei Anwendung dieses Grundsatzes die kolumbianische Regierung beabsichtigt, einige 3.5 von 6 Millionen Hektar usurpierte bis 2014 an ihre rechtm\u00e4\u00dfigen Eigent\u00fcmer zur\u00fcck.<\/p>\n<p>Dieser L\u00e4nder wurden von Paramilit\u00e4rs, Guerilla, Drogenh\u00e4ndler im Rahmen des bewaffneten Konflikts, die dieses Land seit fast 50 Jahren heimsuchen entzogen.<\/p>\n<p>Curvarad\u00f3 Gemeinschaften haben vor kurzem gek\u00fcndigt Bedrohungen der Gegner an diesem Plan der Wiedergutmachung und sogar berichtet, dass die Morde als Kl\u00e4ger F\u00fchrer Manuel Ruiz und sein Sohn Samir letzten Solidarit\u00e4ts-<\/p>\n<p>Sagte der Attorney General von Kolumbien, Eduardo Montealegre, die anklagenden Entit\u00e4t, die bereits \u00fcber den abisolierten Bereich, die 100.000 Hektar und befindet sich in der Abteilung Choc\u00f3 schnappte. WireImage \/<\/p>\n","protected":false},"excerpt":{"rendered":"<p>Bogota, 30 jul (EFE).-der Attorney General von Kolumbien, Eduardo Montealegre, k\u00fcndigte an, dass es ein Armutszeugnis f\u00fcr 19 Unternehmer Palm\u00f6l bereitet sich auf seine angebliche Verantwortung f\u00fcr die Vertreibung von Bauern im Weiler Curvarad\u00f3, usual-Szenario von der Enteignung von Land im Nordwesten des Landes. Montealegre sagte nach einem Treffen mit Landwirtschaftsminister Juan Camilo Restrepo und [&hellip;]<\/p>\n","protected":false},"author":1,"featured_media":0,"comment_status":"close","ping_status":"open","sticky":false,"template":"","format":"standard","meta":{"footnotes":""},"categories":[3],"tags":[47605,47606],"class_list":["post-39245","post","type-post","status-publish","format-standard","hentry","category-allgemeine","tag-abgelenkt-wanderer","tag-verdrngen","et-doesnt-have-format-content","et_post_format-et-post-format-standard"],"_links":{"self":[{"href":"https:\/\/www.best-dentist-dentistry.com\/de\/wp-json\/wp\/v2\/posts\/39245","targetHints":{"allow":["GET"]}}],"collection":[{"href":"https:\/\/www.best-dentist-dentistry.com\/de\/wp-json\/wp\/v2\/posts"}],"about":[{"href":"https:\/\/www.best-dentist-dentistry.com\/de\/wp-json\/wp\/v2\/types\/post"}],"author":[{"embeddable":true,"href":"https:\/\/www.best-dentist-dentistry.com\/de\/wp-json\/wp\/v2\/users\/1"}],"replies":[{"embeddable":true,"href":"https:\/\/www.best-dentist-dentistry.com\/de\/wp-json\/wp\/v2\/comments?post=39245"}],"version-history":[{"count":0,"href":"https:\/\/www.best-dentist-dentistry.com\/de\/wp-json\/wp\/v2\/posts\/39245\/revisions"}],"wp:attachment":[{"href":"https:\/\/www.best-dentist-dentistry.com\/de\/wp-json\/wp\/v2\/media?parent=39245"}],"wp:term":[{"taxonomy":"category","embeddable":true,"href":"https:\/\/www.best-dentist-dentistry.com\/de\/wp-json\/wp\/v2\/categories?post=39245"},{"taxonomy":"post_tag","embeddable":true,"href":"https:\/\/www.best-dentist-dentistry.com\/de\/wp-json\/wp\/v2\/tags?post=39245"}],"curies":[{"name":"wp","href":"https:\/\/api.w.org\/{rel}","templated":true}]}}