{"id":39256,"date":"2014-04-16T02:56:42","date_gmt":"2014-04-16T02:56:42","guid":{"rendered":null},"modified":"-0001-11-30T00:00:00","modified_gmt":"-0001-11-30T00:00:00","slug":"the-courts-approved-unanimously-an-agreement-so-that-c-lm-and-valencia-collaborate-on-sanitary-material","status":"publish","type":"post","link":"https:\/\/www.best-dentist-dentistry.com\/de\/the-courts-approved-unanimously-an-agreement-so-that-c-lm-and-valencia-collaborate-on-sanitary-material\/39256","title":{"rendered":"Die Gerichte einstimmig eine Vereinbarung damit c LM und Valencia bei Sanit\u00e4r Material zusammenarbeiten"},"content":{"rendered":"<p class=\"first\"> TOLEDO, 2 (EUROPA PRESS)<\/p>\n<p>Las Cortes de Castilla &#8211; La Mancha haben einstimmig das Kooperationsabkommen zwischen der Generalitat Valenciana und dem Vorstand der Gemeinschaften f\u00fcr spezialisierte medizinische Versorgung der ersten Ebene in einigen angrenzenden Gebieten.<\/p>\n<p>W\u00e4hrend der Plenarsitzung der Minister f\u00fcr Gesundheit und Soziales, Jos\u00e9 Ignacio Ech\u00e1niz, hat darauf hingewiesen, dass dieses \u00dcbereinkommen &#8220;gro\u00dfartige News&#8221; ist sowohl f\u00fcr Castilla &#8211; La Mancha Comunidad Valenciana und die spanische Gesundheit.<\/p>\n<p>Betonte auch, dass es ist eine Probe der Interauton\u00f3mica Solidarit\u00e4t und die &#8220;gute Tune&#8221;, die zwischen den autonomen Gemeinschaften auf die Gesundheit besteht. &#8220;Es macht es funktioniert, so dass B\u00fcrger die beste m\u00f6gliche Gesundheit haben&#8221;, erkl\u00e4rte.<\/p>\n<p>Der Minister hat es klar, er glaubt an Vereinbarungen zwischen autonomen Regionen als einen &#8220;Akt der politischen Verantwortung&#8221;, und f\u00fcgte hinzu, dass &#8220;es klar ist&#8221;, dieser Vereinbarung &#8220;ergibt sich aus der \u00dcberzeugung, dass die wichtig sind, B\u00fcrger und die Aufmerksamkeit, die sie erhalten&#8221;.<\/p>\n<p>Ihrerseits der regionalen Stellvertreter des PSOE Fernando Mora darauf hingewiesen, dass die Erneuerung dieser Vereinbarung nach den signierten in 2007 und von der sozialistischen Regierung unterzeichnet, kommt zur St\u00e4rkung des \u00f6ffentlichen Gesundheitswesens &#8220;in einem Moment, in dem die Entscheidungen der Zentralregierung es fragliche setzen&#8221;.<\/p>\n<p>Ebenso der regionalen Stellvertreter von der PP Carlos Velazquez begr\u00fc\u00dft die Tatsache, dass dieses Abkommen Tausende von Menschen in zwei unterschiedliche Regionen profitieren, &#8220;unter Ber\u00fccksichtigung der empfindlichen wirtschaftlichen Zeiten, die wir durchleben&#8221;<\/p>\n<p>Convention<\/p>\n<p>, Nach diesem Abkommen sieht vor, dass B\u00fcrger, die in den St\u00e4dten Valencia Ayora, Cofrentes, Jarafuel, Jalance und Zarra, Teresa Leben als Krankenhaus Krankenhaus Almansa k\u00f6nnen.<\/p>\n<p>Auch sieht vor, dass B\u00fcrger mehrerer Orte befindet sich in der Provinz Cuenca als ein Referral-Krankenhaus-Krankenhaus Requena k\u00f6nnen.<\/p>\n","protected":false},"excerpt":{"rendered":"<p>TOLEDO, 2 (EUROPA PRESS) Las Cortes de Castilla &#8211; La Mancha haben einstimmig das Kooperationsabkommen zwischen der Generalitat Valenciana und dem Vorstand der Gemeinschaften f\u00fcr spezialisierte medizinische Versorgung der ersten Ebene in einigen angrenzenden Gebieten. W\u00e4hrend der Plenarsitzung der Minister f\u00fcr Gesundheit und Soziales, Jos\u00e9 Ignacio Ech\u00e1niz, hat darauf hingewiesen, dass dieses \u00dcbereinkommen &#8220;gro\u00dfartige News&#8221; [&hellip;]<\/p>\n","protected":false},"author":1,"featured_media":0,"comment_status":"close","ping_status":"open","sticky":false,"template":"","format":"standard","meta":{"footnotes":""},"categories":[3],"tags":[47611,47610],"class_list":["post-39256","post","type-post","status-publish","format-standard","hentry","category-allgemeine","tag-gerichte","tag-mnche","et-doesnt-have-format-content","et_post_format-et-post-format-standard"],"_links":{"self":[{"href":"https:\/\/www.best-dentist-dentistry.com\/de\/wp-json\/wp\/v2\/posts\/39256","targetHints":{"allow":["GET"]}}],"collection":[{"href":"https:\/\/www.best-dentist-dentistry.com\/de\/wp-json\/wp\/v2\/posts"}],"about":[{"href":"https:\/\/www.best-dentist-dentistry.com\/de\/wp-json\/wp\/v2\/types\/post"}],"author":[{"embeddable":true,"href":"https:\/\/www.best-dentist-dentistry.com\/de\/wp-json\/wp\/v2\/users\/1"}],"replies":[{"embeddable":true,"href":"https:\/\/www.best-dentist-dentistry.com\/de\/wp-json\/wp\/v2\/comments?post=39256"}],"version-history":[{"count":0,"href":"https:\/\/www.best-dentist-dentistry.com\/de\/wp-json\/wp\/v2\/posts\/39256\/revisions"}],"wp:attachment":[{"href":"https:\/\/www.best-dentist-dentistry.com\/de\/wp-json\/wp\/v2\/media?parent=39256"}],"wp:term":[{"taxonomy":"category","embeddable":true,"href":"https:\/\/www.best-dentist-dentistry.com\/de\/wp-json\/wp\/v2\/categories?post=39256"},{"taxonomy":"post_tag","embeddable":true,"href":"https:\/\/www.best-dentist-dentistry.com\/de\/wp-json\/wp\/v2\/tags?post=39256"}],"curies":[{"name":"wp","href":"https:\/\/api.w.org\/{rel}","templated":true}]}}