{"id":39258,"date":"2014-04-16T02:56:49","date_gmt":"2014-04-16T02:56:49","guid":{"rendered":null},"modified":"-0001-11-30T00:00:00","modified_gmt":"-0001-11-30T00:00:00","slug":"josep-carreras-contrary-to-the-vat-increase-because-it-is-killing-the-culture-of-a-country-and-its-people","status":"publish","type":"post","link":"https:\/\/www.best-dentist-dentistry.com\/de\/josep-carreras-contrary-to-the-vat-increase-because-it-is-killing-the-culture-of-a-country-and-its-people\/39258","title":{"rendered":"Josep Carreras, im Gegensatz zu dem die Mehrwertsteuer zu erh\u00f6hen, da es die Kultur eines Landes und seiner Menschen zu t\u00f6ten"},"content":{"rendered":"<p class=\"first\"> Palma, 2 Aug (EFE).-der Tenor Josep Carreras wurde entgegen der Mehrwertsteuererh\u00f6hung an den Eing\u00e4ngen des Kinos und zeigt von der Regierung genehmigt, da es gilt, dass &#8220;die Kultur eines Landes zu t\u00f6ten seine Menschen t\u00f6ten ist&#8221;.<\/p>\n<p>Internationale Musiker hat so kommentierte die Zunahme dieser Steuer, w\u00e4hrend der Pr\u00e4sentation einer Rasse, die vom 28. Juli bis heute in der Bucht von Palma, zu Gunsten der Jose Carreras Foundation gegen Leuk\u00e4mie stattfand.<\/p>\n<p>&#8220;<\/p>\n<p>&#8221; Ich will nicht zu einreisen nach welche Art von Themen, aber ja ich kann sagen, dass die Kultur eines Landes zu t\u00f6ten seine Menschen t\u00f6tet &#8220;und senkt die Lebensqualit\u00e4t der Menschen&#8221;, sagte er.<\/p>\n<p>Racing wurden mit der Unterst\u00fctzung f\u00fcr diese Initiative erf\u00fcllt es die Bavaria Yachts geordnet und das es entstand infolge der j\u00e4hrlichen Gala, das tr\u00e4gt den Namen des Tenors und ist jedes Jahr zu Weihnachten im deutschen Fernsehen durchgef\u00fchrt.<\/p>\n<p>Unter den meisten unmittelbaren Projekte des Tenors ist &#8220;the Best of the Year&#8221;, das sind drei Wochen Urlaub, hat scherzte racing, dann wies, dass Ende August soll es zur Teilnahme an des Festivals von Salzburg, &#8220;das wichtigste in der Welt&#8221;, und sp\u00e4ter in den Vereinigten Staaten und Asien handeln wird.<\/p>\n","protected":false},"excerpt":{"rendered":"<p>Palma, 2 Aug (EFE).-der Tenor Josep Carreras wurde entgegen der Mehrwertsteuererh\u00f6hung an den Eing\u00e4ngen des Kinos und zeigt von der Regierung genehmigt, da es gilt, dass &#8220;die Kultur eines Landes zu t\u00f6ten seine Menschen t\u00f6ten ist&#8221;. Internationale Musiker hat so kommentierte die Zunahme dieser Steuer, w\u00e4hrend der Pr\u00e4sentation einer Rasse, die vom 28. Juli bis [&hellip;]<\/p>\n","protected":false},"author":1,"featured_media":0,"comment_status":"close","ping_status":"open","sticky":false,"template":"","format":"standard","meta":{"footnotes":""},"categories":[3],"tags":[47613],"class_list":["post-39258","post","type-post","status-publish","format-standard","hentry","category-allgemeine","tag-homogenisieren","et-doesnt-have-format-content","et_post_format-et-post-format-standard"],"_links":{"self":[{"href":"https:\/\/www.best-dentist-dentistry.com\/de\/wp-json\/wp\/v2\/posts\/39258","targetHints":{"allow":["GET"]}}],"collection":[{"href":"https:\/\/www.best-dentist-dentistry.com\/de\/wp-json\/wp\/v2\/posts"}],"about":[{"href":"https:\/\/www.best-dentist-dentistry.com\/de\/wp-json\/wp\/v2\/types\/post"}],"author":[{"embeddable":true,"href":"https:\/\/www.best-dentist-dentistry.com\/de\/wp-json\/wp\/v2\/users\/1"}],"replies":[{"embeddable":true,"href":"https:\/\/www.best-dentist-dentistry.com\/de\/wp-json\/wp\/v2\/comments?post=39258"}],"version-history":[{"count":0,"href":"https:\/\/www.best-dentist-dentistry.com\/de\/wp-json\/wp\/v2\/posts\/39258\/revisions"}],"wp:attachment":[{"href":"https:\/\/www.best-dentist-dentistry.com\/de\/wp-json\/wp\/v2\/media?parent=39258"}],"wp:term":[{"taxonomy":"category","embeddable":true,"href":"https:\/\/www.best-dentist-dentistry.com\/de\/wp-json\/wp\/v2\/categories?post=39258"},{"taxonomy":"post_tag","embeddable":true,"href":"https:\/\/www.best-dentist-dentistry.com\/de\/wp-json\/wp\/v2\/tags?post=39258"}],"curies":[{"name":"wp","href":"https:\/\/api.w.org\/{rel}","templated":true}]}}