{"id":39297,"date":"2014-04-16T02:59:46","date_gmt":"2014-04-16T02:59:46","guid":{"rendered":null},"modified":"-0001-11-30T00:00:00","modified_gmt":"-0001-11-30T00:00:00","slug":"people-with-migraine-lose-the-sense-of-time","status":"publish","type":"post","link":"https:\/\/www.best-dentist-dentistry.com\/de\/people-with-migraine-lose-the-sense-of-time\/39297","title":{"rendered":"Menschen mit Migr\u00e4ne verlieren das Zeitgef\u00fchl"},"content":{"rendered":"<p class=\"first\"> New YORK (Reuters Health) &#8211; eine kleine Studie legt nahe, dass<\/p>\n<p>Menschen, die Leiden Migr\u00e4ne Gef\u00fchl, die Zeit vergeht<\/p>\n<p>langsamer als in Wirklichkeit.<\/p>\n<p>Dieser Unterschied in der Wahrnehmung der Zeit w\u00e4re bereits subtil,<\/p>\n<p>die Ergebnisse in Millisekunden. Aber eine Beschwerde \u00fcberpr\u00fcfen w\u00fcrde<\/p>\n<p>\u00fcblichen dieser Patienten, die in der Anfrage das sagen<\/p>\n<p>Mal w\u00fcrde etwas &#8220;au\u00dferhalb&#8221; der Zeit f\u00fchlen, wie es vermutet eine<\/p>\n<p>Kopfschmerz-Spezialist au\u00dferhalb der Studie.<\/p>\n<p>Die Ergebnisse, ver\u00f6ffentlicht in der Journal-Kopfschmerzen, ergeben sich aus<\/p>\n<p>27 Erwachsene mit Migr\u00e4ne und anderen 27 Teilnehmer ohne Schmerzen<\/p>\n<p>Kopf (Steuerelemente); hatten alle gleichaltrig.<\/p>\n<p>Forscher f\u00fchrte einen Test der Wahrnehmung der<\/p>\n<p>Zeit, in der es die Anzahl der sch\u00e4tzte, Zeiten, die eine Reihe von<\/p>\n<p>Rechtecke erscheinen auf einem Computerbildschirm. Manchmal<\/p>\n<p>das Bild erschien f\u00fcr 600 Millisekunden (sechs Zehntel des<\/p>\n<p>zweite), 3 Sekunden auf 5 Sekunden.<\/p>\n<p>Im Allgemeinen die Gruppe, die litt unter Migr\u00e4ne Sobreestimaba die<\/p>\n<p>tempor\u00e4re Fenster 600 Millisekunden. Sie dachten, dass es gedauert hatte<\/p>\n<p>doppelt so lange (ca. 1,2 Sekunden, im Durchschnitt), zwar<\/p>\n<p>, dass die Sch\u00e4tzung der Kontrollgruppe 0,9 Sekunden war.<\/p>\n<p>Dies ist ein kleiner Unterschied, aber genug f\u00fcr<\/p>\n<p>unterst\u00fctzen das Konzept, die &#8220;Migr\u00e4ne die Funktion \u00e4ndert<\/p>\n<p>&#8220;&#8221;<\/p>\n<p>kognitive&#8221;, schreibt Kai Wang, das Medical-Center-Team<\/p>\n<p>Anhui, in Hefei, China.<\/p>\n<p>Dr. Jennifer Kriegler, Associate Professor f\u00fcr<\/p>\n<p>Der Lerner-Schule der Medizin an der Klinik f\u00fcr Neurologie<\/p>\n<p>Cleveland, stimmte zu: &#8220;viele Patienten mit Migr\u00e4ne zu sagen, die<\/p>\n<p>&#8220;<\/p>\n<p>Wenn sie \u00fcber einen Zeitraum von Angriffen, gehen sie Gef\u00fchl, dass sie innerhalb<\/p>\n<p>eine Wolke von Nebel. &#8220;sie nehmen wahr, dass sie nicht verarbeitet sind die<\/p>\n<p>Informationen eindeutig&#8221;.<\/p>\n<p>Trotz seiner geringen Gr\u00f6\u00dfe, Kriegler, wer nicht beteiligt war der<\/p>\n<p>Studio, lobte seine Gestaltung. Darauf hingewiesen, was auch darauf hindeutet, dass die<\/p>\n<p>Gef\u00fchl der Verwirrung der Patienten ist nicht nur wegen der Schmerzen.<\/p>\n<p>&#8220;Es w\u00e4re aufgrund der Unterschiede in der Funktionsweise des Gehirns&#8221;<\/p>\n<p>sagte Kriegler.<\/p>\n<p>Es wird gesch\u00e4tzt, dass 11 Prozent der Weltbev\u00f6lkerung hat<\/p>\n<p>eine Migr\u00e4ne im letzten Jahr. Nur in den Vereinigten Staaten die<\/p>\n<p>Behandlung und verlorene Produktivit\u00e4t-Kosten-System<\/p>\n<p>rund 20 Milliarden Dollar pro Jahr.<\/p>\n<p>Migr\u00e4ne verursachen pochende Schmerzen in einem intensiven<\/p>\n<p>Bereich des Kopfes, sowie eine erh\u00f6hte Sensibilit\u00e4t f\u00fcr die<\/p>\n<p>Licht und Ton; kann verursachen \u00dcbelkeit oder Erbrechen.<\/p>\n<p>30 Prozent der Menschen mit wiederkehrenden Migr\u00e4ne<\/p>\n<p>f\u00fchlen sich sensorische Ver\u00e4nderungen unmittelbar nach der<\/p>\n<p>Beginn der Schmerzen. Diese \u00c4nderungen oder Aura, in der Regel<\/p>\n<p>Visual (Lichtblitze oder blinden Flecken), kann aber auch sein<\/p>\n<p>geh\u00f6ren Beschwerden wie Taubheitsgef\u00fchl, Kribbeln oder Schwierigkeit<\/p>\n<p>zu sprechen oder zu verstehen, was gesagt wird.<\/p>\n<p>Es ist unbekannt, was die Ursache, aber sie sollten eine Aktivit\u00e4t<\/p>\n<p>zerebrale abnorme. Und, wie in der neuen Studie einige Experten<\/p>\n<p>ordnen sie, vor allem um die Migr\u00e4ne mit Aura,<\/p>\n<p>St\u00f6rungen der Erinnerung, Reaktion und andere Zeit<\/p>\n<p>kognitiven F\u00e4higkeiten.<\/p>\n<p>Menschen mit Migr\u00e4ne wahrgenommen in der Studie verschiedene<\/p>\n<p>die Zeit von 600 Millisekunden, Fenster, aber nicht das beste<\/p>\n<p>um 3 bis 5 Sekunden verl\u00e4ngert. Sind erforderlich f\u00fcr Kriegler,<\/p>\n<p>gr\u00f6\u00dfere Studien um festzustellen, ob Unterschiede entstehen<\/p>\n<p>nur in Millisekunden.<\/p>\n<p>Der Experte als &#8220;erheblich&#8221; an die Teilnehmer<\/p>\n<p>mit Migr\u00e4ne Kopfschmerzen w\u00e4hrend der Tests nicht f\u00fchlen.<\/p>\n<p>So er, dass sogar unter die Migr\u00e4neattacken es sagte<\/p>\n<p>einen Unterschied in der Funktion des Gehirns.<\/p>\n<p>Aber, &#8220;Dies ist etwas, das die t\u00e4gliche Leistung \u00e4ndert<\/p>\n<p>?&#8221;<\/p>\n<p>des Patienten? Vielleicht &#8220;, sagte Nein, Kriegler. Oder zumindest, nicht<\/p>\n<p>kurzfristig, f\u00fcgte er hinzu. F\u00fcr sie, die Ergebnisse &#8220;validieren&#8221;<\/p>\n<p>in gewisser Weise die Beschwerden der Patienten, dass Migr\u00e4ne &#8220;die<\/p>\n<p>aus dem Spiel gelassen&#8221;.<\/p>\n<p>Quelle: Kopfschmerzen, online 23. Juli 2012<\/p>\n","protected":false},"excerpt":{"rendered":"<p>New YORK (Reuters Health) &#8211; eine kleine Studie legt nahe, dass Menschen, die Leiden Migr\u00e4ne Gef\u00fchl, die Zeit vergeht langsamer als in Wirklichkeit. Dieser Unterschied in der Wahrnehmung der Zeit w\u00e4re bereits subtil, die Ergebnisse in Millisekunden. Aber eine Beschwerde \u00fcberpr\u00fcfen w\u00fcrde \u00fcblichen dieser Patienten, die in der Anfrage das sagen Mal w\u00fcrde etwas &#8220;au\u00dferhalb&#8221; [&hellip;]<\/p>\n","protected":false},"author":1,"featured_media":0,"comment_status":"close","ping_status":"open","sticky":false,"template":"","format":"standard","meta":{"footnotes":""},"categories":[3],"tags":[47633,47634],"class_list":["post-39297","post","type-post","status-publish","format-standard","hentry","category-allgemeine","tag-bete","tag-zeitgefhl","et-doesnt-have-format-content","et_post_format-et-post-format-standard"],"_links":{"self":[{"href":"https:\/\/www.best-dentist-dentistry.com\/de\/wp-json\/wp\/v2\/posts\/39297","targetHints":{"allow":["GET"]}}],"collection":[{"href":"https:\/\/www.best-dentist-dentistry.com\/de\/wp-json\/wp\/v2\/posts"}],"about":[{"href":"https:\/\/www.best-dentist-dentistry.com\/de\/wp-json\/wp\/v2\/types\/post"}],"author":[{"embeddable":true,"href":"https:\/\/www.best-dentist-dentistry.com\/de\/wp-json\/wp\/v2\/users\/1"}],"replies":[{"embeddable":true,"href":"https:\/\/www.best-dentist-dentistry.com\/de\/wp-json\/wp\/v2\/comments?post=39297"}],"version-history":[{"count":0,"href":"https:\/\/www.best-dentist-dentistry.com\/de\/wp-json\/wp\/v2\/posts\/39297\/revisions"}],"wp:attachment":[{"href":"https:\/\/www.best-dentist-dentistry.com\/de\/wp-json\/wp\/v2\/media?parent=39297"}],"wp:term":[{"taxonomy":"category","embeddable":true,"href":"https:\/\/www.best-dentist-dentistry.com\/de\/wp-json\/wp\/v2\/categories?post=39297"},{"taxonomy":"post_tag","embeddable":true,"href":"https:\/\/www.best-dentist-dentistry.com\/de\/wp-json\/wp\/v2\/tags?post=39297"}],"curies":[{"name":"wp","href":"https:\/\/api.w.org\/{rel}","templated":true}]}}