{"id":39305,"date":"2014-04-16T03:01:07","date_gmt":"2014-04-16T03:01:07","guid":{"rendered":null},"modified":"-0001-11-30T00:00:00","modified_gmt":"-0001-11-30T00:00:00","slug":"gobierno-medicos-agreement-for-more-flexible-principlein-the-application-of-the-day","status":"publish","type":"post","link":"https:\/\/www.best-dentist-dentistry.com\/de\/gobierno-medicos-agreement-for-more-flexible-principlein-the-application-of-the-day\/39305","title":{"rendered":"Gobierno Medicos Vereinbarung flexibler Prinzip &#8220;in der Anwendung des Tages"},"content":{"rendered":"<p class=\"first\"> MERIDA, 10 (EUROPA PRESS)<\/p>\n<p>Der Regierung von Extremadura (GobEx) und die \u00c4rzte haben &#8220;eine Einigung mit Vorbehalt&#8221;, die in den Worten des Ministers f\u00fcr Gesundheit, Luis Alfonso Hern\u00e1ndez Carr\u00f3n, &#8220;flexibler&#8221; bei der Umsetzung der Arbeitszeit von 37,5 Stunden pro Woche erlaubt.<\/p>\n<p>Dies ist das Ergebnis der Tagung am Freitag in Merida f\u00fcr mehrere Stunden von Carron und Vertretern der Verb\u00e4nde der \u00c4rzte C\u00e1ceres und Badajoz Provinzen sowie der medizinischen Union Extremadura (Simex).<\/p>\n<p>Regional Manager hat dankte Mediziner &#8220;Bereitschaft zum Dialog und Konsens&#8221;, zu der Zeit, die &#8220;Anstrengung&#8221; erkannt hat, durch die Abteilung, die darstellt, um dieses &#8220;Prinzip der Vereinbarung&#8221; zu erreichen, die m\u00fcssen Sie angeben, an den kommenden Sitzungen.<\/p>\n<p>F\u00fcr seinen Teil, der Pr\u00e4sident von SIMEX, Fernando P\u00e9rez, angedeutet hat, &#8220;keine Einigung gegeben hat, gab es eine Einigung im Prinzip&#8221; und f\u00fcgte hinzu, dass er &#8220;ruhig und entspannt&#8221; gesprochen hat auf das Urteil \u00fcber die Anwendung der Verl\u00e4ngerung des Arbeitstages, auf denen &#8220;wird nicht beibehalten, Kurs-Steifigkeit, die in die vorherige Aufl\u00f6sung war&#8221;.<\/p>\n<p>&#8220;Flexibler&#8221;<\/p>\n<p>In Erkl\u00e4rungen f\u00fcr die Medien, die Berater Luis Alfonso Hern\u00e1ndez Carr\u00f3n ver\u00f6ffentlicht das &#8220;Prinzip des Abkommens&#8221; erreicht, das Ihnen erlaubt haben, erkl\u00e4rte, &#8220;flexibler&#8221; bei der Umsetzung dieses neuen Tages von 37,5 Stunden.<\/p>\n<p>&#8220;So, jetzt haben auch eigene Profi, anordnen, wie es ist, die Anwendung der Konferenz machen, und wird in verschiedenen Formeln anwenden, ohne die Vergangenheit zu vergessen, und die produzieren auch Effizienz bei der Anwendung dieser Erweiterung des Tages, dass die Verwaltung wir auch servieren&#8221; nach dem Treffen mit Vertretern der \u00c4rzte hingewiesen.<\/p>\n<p>Hern\u00e1ndez Carr\u00f3n wies auch das &#8220;Klima des Dialogs&#8221;, das in dieser Sitzung erreicht wurde und darauf hingewiesen, dass &#8220;ein zweiter Teil dieser Pakt&#8221;, die &#8220;beginnen, \u00f6ffnen&#8221; in den kommenden Wochen behandelt werden.<\/p>\n<p>&#8220;Das ist genau, was Management zu sehen welche Formen der Effizienz Formeln, k\u00f6nnen wir im Gange zwischen allen, Verwaltung und auch medizinisches Personal, unser Gesundheitssystem nachhaltig zu&#8221; angegeben.<\/p>\n<p>Online, Carron auf die &#8220;Herausforderung der betr\u00e4chtliche Dimensionen&#8221; hat die Verwaltung und die medizinische Industrie bezeichnet hat, weil &#8220;in einem Moment der Krise&#8221;, &#8220;auf das kumulierte Defizit aus den Vorjahren reagieren&#8221; und andererseits so (Gesundheitswesen) &#8220;nachhaltig auf der Grundlage der Ertr\u00e4ge, die fallen&#8221; zu tun.<\/p>\n<p>SIMEX: &#8220;der Weg ist, muss&#8221;<\/p>\n<p>Der Pr\u00e4sident von SIMEX, Fernando P\u00e9rez, erwartet, dass die &#8220;kommende Woche&#8221; eine neue Besprechung haben wird, in der &#8220;einige der Effizienz des Systems&#8221; behandelt werden. &#8220;Was die Eigenkapitalquote umfassen kann, die wir verfolgt haben, so dass Sie zu jedem unserer eigenen, nun alle passen ein wenig und ein wenig steuernde Ausgaben, und das ist die allgemeine Linie&#8221;, hat angedeutet.<\/p>\n<p>Perez hat darauf hingewiesen, dass die &#8220;Sitzung wurde anstrengend&#8221; jedes Mal &#8220;aller vorherigen Dokument behandelt. Und nun gibt es ein neues Dokument und neue Besprechung und es gibt eine vorl\u00e4ufige Vereinbarung, ohne Zweifel&#8221;.<\/p>\n<p>Fragte was das &#8220;Prinzip der Vereinbarung&#8221; ist, die der Minister und der Vertreter der SIMEX angespielt haben, Fernando P\u00e9rez hat berichtet, dass in Bezug auf Arbeitstag &#8220;hat eine andere T\u00fcr ge\u00f6ffnet, wo durch die Koordinatoren, Dienstleiter und andere, und eigenes Management mit Fachkr\u00e4ften, modulieren oder den Zeitplan anpassen kann&#8221;, diesem Arbeitstag, was wirklich das System und die Profis braucht&#8221;.<\/p>\n<p>Auf der anderen Seite, erkl\u00e4rt, &#8220;wird so h\u00e4ufig verlassen, sicherlich, die band auch geforderte Profi auf jeden Fall kommen um 8 Uhr morgens und gehe zu 15,30&#8221;.<\/p>\n<p>&#8220;Wir sind \u00fcberzeugt, dass nicht mehr starre Vorschlag sein, das wird weiterhin verwenden, k\u00f6nnen aufbewahrt werden, aber die \u00c4rzte im allgemeinen angebracht, weil sie sich mehr f\u00fcr was entscheiden werden Service und das passt sie Ihnen auch,&#8221; sagte er<\/p>\n<p>&#8220;Wenn nicht ist breit am Tag es werden werden kompensatorische Tage mit was Ansammlungen hat, mit was er hat, andere Dienste zu tun, die gemacht werden k\u00f6nnen und auf jeden Fall immer zu sehen Priorisierung als die hat die Bildung dieser bezeichnet auch einen Punkt in diesem Kapitel und in halbj\u00e4hrlichen Berechnung ein Compliance&#8221;, er verwies auf.<\/p>\n","protected":false},"excerpt":{"rendered":"<p>MERIDA, 10 (EUROPA PRESS) Der Regierung von Extremadura (GobEx) und die \u00c4rzte haben &#8220;eine Einigung mit Vorbehalt&#8221;, die in den Worten des Ministers f\u00fcr Gesundheit, Luis Alfonso Hern\u00e1ndez Carr\u00f3n, &#8220;flexibler&#8221; bei der Umsetzung der Arbeitszeit von 37,5 Stunden pro Woche erlaubt. Dies ist das Ergebnis der Tagung am Freitag in Merida f\u00fcr mehrere Stunden von [&hellip;]<\/p>\n","protected":false},"author":1,"featured_media":0,"comment_status":"close","ping_status":"open","sticky":false,"template":"","format":"standard","meta":{"footnotes":""},"categories":[3],"tags":[47644,47643],"class_list":["post-39305","post","type-post","status-publish","format-standard","hentry","category-allgemeine","tag-flexibler","tag-zahlungssystems","et-doesnt-have-format-content","et_post_format-et-post-format-standard"],"_links":{"self":[{"href":"https:\/\/www.best-dentist-dentistry.com\/de\/wp-json\/wp\/v2\/posts\/39305","targetHints":{"allow":["GET"]}}],"collection":[{"href":"https:\/\/www.best-dentist-dentistry.com\/de\/wp-json\/wp\/v2\/posts"}],"about":[{"href":"https:\/\/www.best-dentist-dentistry.com\/de\/wp-json\/wp\/v2\/types\/post"}],"author":[{"embeddable":true,"href":"https:\/\/www.best-dentist-dentistry.com\/de\/wp-json\/wp\/v2\/users\/1"}],"replies":[{"embeddable":true,"href":"https:\/\/www.best-dentist-dentistry.com\/de\/wp-json\/wp\/v2\/comments?post=39305"}],"version-history":[{"count":0,"href":"https:\/\/www.best-dentist-dentistry.com\/de\/wp-json\/wp\/v2\/posts\/39305\/revisions"}],"wp:attachment":[{"href":"https:\/\/www.best-dentist-dentistry.com\/de\/wp-json\/wp\/v2\/media?parent=39305"}],"wp:term":[{"taxonomy":"category","embeddable":true,"href":"https:\/\/www.best-dentist-dentistry.com\/de\/wp-json\/wp\/v2\/categories?post=39305"},{"taxonomy":"post_tag","embeddable":true,"href":"https:\/\/www.best-dentist-dentistry.com\/de\/wp-json\/wp\/v2\/tags?post=39305"}],"curies":[{"name":"wp","href":"https:\/\/api.w.org\/{rel}","templated":true}]}}