{"id":39329,"date":"2014-04-16T03:20:08","date_gmt":"2014-04-16T03:20:08","guid":{"rendered":null},"modified":"-0001-11-30T00:00:00","modified_gmt":"-0001-11-30T00:00:00","slug":"the-claretians-calatayud-building-ready-to-provide-health-care","status":"publish","type":"post","link":"https:\/\/www.best-dentist-dentistry.com\/de\/the-claretians-calatayud-building-ready-to-provide-health-care\/39329","title":{"rendered":"the claretians calatayud building ready to provide health care"},"content":{"rendered":"<p class=\"first\"> ZARAGOZA, 22 (EUROPA PRESS)<\/p>\n<p>Anpassung des Claretiner Calatayud Geb\u00e4udes arbeiten bereits abgeschlossen haben und ist bereit, medizinische Versorgung, so dass der Fakult\u00e4t f\u00fcr Gesundheit, Soziales und Familie der Aragon-Regierung Samstag berichtete, dass die \u00dcbertragung der im dritten Stock des Geb\u00e4udes Claretiner Gesundheitszentrum am Freitag, den 26. Oktober beginnen und am n\u00e4chsten Tag endet zu leisten.<\/p>\n<p>Aktivit\u00e4t in dieser neuen Website startet am Montag, 29. Oktober mit der P\u00e4diatrie-Einheit und andere Dienstleistungen von diesem dritten Werk Betrieb sein werden, der 30, mit Ausnahme der Quote des Arztes Andr\u00e9s Garc\u00eda Tenorio und seine Schwester Natalia Cowboy Calleja weiter seine Unterst\u00fctzung im Gesundheitszentrum Calatayud, sondern aus dem Erdgeschoss desselben.<\/p>\n<p>Auch vom 29. dieses Monats, Zugriff auf die Notaufnahme wird statt durch den Haupteingang des Gesundheitszentrums in Nr. 29 Paseo Cortes von Aragon von Calatayud.<\/p>\n<p>Aufbau der Claretiner durch die Gesundheit aufgrund seiner N\u00e4he gew\u00e4hlt wurde und auch weil zu seiner Zeit hatte eine sanit\u00e4re Verwendung entsprechend der Abteilung, vorausgesetzt, dass die Zimmer Konsultationen werden k\u00f6nnen.<\/p>\n<p>Die Abteilung Gesundheit, Soziales und Familie von der Regierung von Aragon gefordert im Juli an Bilbilis City Hall die Abtretung eines Teils der S\u00fcdwest-Fl\u00fcgel des im ersten Stock des Geb\u00e4udes von der Claretiner frei und vorl\u00e4ufigen. Ihrerseits die Stadt Calatayud, Eigent\u00fcmer dieses Geb\u00e4udes gab gr\u00fcnes Licht auf diese Anforderung, so dass die tempor\u00e4re Belegung f\u00fcr maximal ein Jahr.<\/p>\n","protected":false},"excerpt":{"rendered":"<p>ZARAGOZA, 22 (EUROPA PRESS) Anpassung des Claretiner Calatayud Geb\u00e4udes arbeiten bereits abgeschlossen haben und ist bereit, medizinische Versorgung, so dass der Fakult\u00e4t f\u00fcr Gesundheit, Soziales und Familie der Aragon-Regierung Samstag berichtete, dass die \u00dcbertragung der im dritten Stock des Geb\u00e4udes Claretiner Gesundheitszentrum am Freitag, den 26. Oktober beginnen und am n\u00e4chsten Tag endet zu leisten. [&hellip;]<\/p>\n","protected":false},"author":1,"featured_media":0,"comment_status":"close","ping_status":"open","sticky":false,"template":"","format":"standard","meta":{"footnotes":""},"categories":[3],"tags":[],"class_list":["post-39329","post","type-post","status-publish","format-standard","hentry","category-allgemeine","et-doesnt-have-format-content","et_post_format-et-post-format-standard"],"_links":{"self":[{"href":"https:\/\/www.best-dentist-dentistry.com\/de\/wp-json\/wp\/v2\/posts\/39329","targetHints":{"allow":["GET"]}}],"collection":[{"href":"https:\/\/www.best-dentist-dentistry.com\/de\/wp-json\/wp\/v2\/posts"}],"about":[{"href":"https:\/\/www.best-dentist-dentistry.com\/de\/wp-json\/wp\/v2\/types\/post"}],"author":[{"embeddable":true,"href":"https:\/\/www.best-dentist-dentistry.com\/de\/wp-json\/wp\/v2\/users\/1"}],"replies":[{"embeddable":true,"href":"https:\/\/www.best-dentist-dentistry.com\/de\/wp-json\/wp\/v2\/comments?post=39329"}],"version-history":[{"count":0,"href":"https:\/\/www.best-dentist-dentistry.com\/de\/wp-json\/wp\/v2\/posts\/39329\/revisions"}],"wp:attachment":[{"href":"https:\/\/www.best-dentist-dentistry.com\/de\/wp-json\/wp\/v2\/media?parent=39329"}],"wp:term":[{"taxonomy":"category","embeddable":true,"href":"https:\/\/www.best-dentist-dentistry.com\/de\/wp-json\/wp\/v2\/categories?post=39329"},{"taxonomy":"post_tag","embeddable":true,"href":"https:\/\/www.best-dentist-dentistry.com\/de\/wp-json\/wp\/v2\/tags?post=39329"}],"curies":[{"name":"wp","href":"https:\/\/api.w.org\/{rel}","templated":true}]}}