{"id":39354,"date":"2014-04-16T03:31:11","date_gmt":"2014-04-16T03:31:11","guid":{"rendered":null},"modified":"-0001-11-30T00:00:00","modified_gmt":"-0001-11-30T00:00:00","slug":"the-government-approved-to-create-a-commission-that-will-be-the-strategy-of-the-instituto-de-salud-carlos-iii","status":"publish","type":"post","link":"https:\/\/www.best-dentist-dentistry.com\/de\/the-government-approved-to-create-a-commission-that-will-be-the-strategy-of-the-instituto-de-salud-carlos-iii\/39354","title":{"rendered":"the government approved to create a commission that will be the strategy of the instituto de salud carlos iii"},"content":{"rendered":"<p class=\"first\"> MADRID, 23 (EUROPA PRESS)<\/p>\n<p>Die Regierung billigte am Freitag durch den Ministerrat, das K\u00f6nigliche Dekret, die Joint Commission erstellt, bestehend aus Mitgliedern der dem Ministerium f\u00fcr Wirtschaft und Wettbewerbsf\u00e4higkeit und Gesundheit, soziale Dienste und Gleichheit, die &#8220;verantwortlich f\u00fcr die Kennzeichnung der Aktionslinie&#8221; werden, des Instituts f\u00fcr Gesundheit Carlos III.<\/p>\n<p>Wie der Vizepr\u00e4sident Soraya S\u00e1enz de Santamar\u00eda, in der Pressekonferenz nach dem Treffen der Exekutive, berichtet &#8220;dieses Ausschusses ist ein Instrument der Staatsf\u00fchrung f\u00fcr die Einrichtung einer effizienten Zusammenarbeit zwischen beider Ministerien, soweit sie damit zusammenh\u00e4ngenden Fragen sind: Forschung und auf der anderen Seite Pflege&#8221;.<\/p>\n<p>Diese Ma\u00dfnahme ist Teil dieser Regierung mit dem Ziel der Verbesserung der Zusammenarbeit und ministerielle Koordination entwickelt hat.<\/p>\n<p>S\u00e1enz de Santamar\u00eda, wer darauf hingewiesen, dass &#8220;Das Institut f\u00fchrt mehr als 20 Jahren in der Forschung f\u00fcr Leben und Gesundheit Wissenschaften&#8221;, darauf hingewiesen, dass &#8220;die \u00f6ffentliche Einrichtung-Forschung, die Finanzen, verwaltet und f\u00fchrt in Spanien biomedizinische Forschung, ist die wichtigste&#8221;, in der Tat ist die Agentur-Management der strategischen Ma\u00dfnahme auf die Gesundheit im Rahmen eines nationalen Plans FuE.<\/p>\n<p>Seit dem letzten Januar, wenn die Struktur der Ministerien ist Sitz des Instituto de Salud Carlos III hat eine funktionale duale Zugeh\u00f6rigkeit beider Ministerien. Obwohl h\u00e4ngt Gesundheit f\u00fcr die Realisierung aller Aktivit\u00e4ten im Bereich der Gesundheit und Planung und.<\/p>\n<p>Ist auch das Gesundheitsministerium, die, in Abstimmung mit der Wirtschaft, angewandte Forschung, leitet, wenn sie in das nationale Gesundheitssystem Reisen.<\/p>\n<p>The Rat Rektor des Instituts wird durch den Staatssekret\u00e4r f\u00fcr Forschung, Entwicklung und Innovation, Carmen Vela, geleitet, w\u00e4hrend der Generalsekret\u00e4r f\u00fcr Gesundheit und Verbraucher, Pilar Farjas, den stellvertretenden Vorsitz h\u00e4lt. Dar\u00fcber hinaus wurde der Direktor des Instituts, Joaqu\u00edn Arenas Barber, \u00fcber den Vorschlag des Ministeriums f\u00fcr Gesundheit, soziale Dienste und Geschlechter, laut dem Ministerium f\u00fcr Wirtschaft und Wettbewerbsf\u00e4higkeit ernannt. <\/p>\n","protected":false},"excerpt":{"rendered":"<p>MADRID, 23 (EUROPA PRESS) Die Regierung billigte am Freitag durch den Ministerrat, das K\u00f6nigliche Dekret, die Joint Commission erstellt, bestehend aus Mitgliedern der dem Ministerium f\u00fcr Wirtschaft und Wettbewerbsf\u00e4higkeit und Gesundheit, soziale Dienste und Gleichheit, die &#8220;verantwortlich f\u00fcr die Kennzeichnung der Aktionslinie&#8221; werden, des Instituts f\u00fcr Gesundheit Carlos III. Wie der Vizepr\u00e4sident Soraya S\u00e1enz de [&hellip;]<\/p>\n","protected":false},"author":1,"featured_media":0,"comment_status":"close","ping_status":"open","sticky":false,"template":"","format":"standard","meta":{"footnotes":""},"categories":[3],"tags":[],"class_list":["post-39354","post","type-post","status-publish","format-standard","hentry","category-allgemeine","et-doesnt-have-format-content","et_post_format-et-post-format-standard"],"_links":{"self":[{"href":"https:\/\/www.best-dentist-dentistry.com\/de\/wp-json\/wp\/v2\/posts\/39354","targetHints":{"allow":["GET"]}}],"collection":[{"href":"https:\/\/www.best-dentist-dentistry.com\/de\/wp-json\/wp\/v2\/posts"}],"about":[{"href":"https:\/\/www.best-dentist-dentistry.com\/de\/wp-json\/wp\/v2\/types\/post"}],"author":[{"embeddable":true,"href":"https:\/\/www.best-dentist-dentistry.com\/de\/wp-json\/wp\/v2\/users\/1"}],"replies":[{"embeddable":true,"href":"https:\/\/www.best-dentist-dentistry.com\/de\/wp-json\/wp\/v2\/comments?post=39354"}],"version-history":[{"count":0,"href":"https:\/\/www.best-dentist-dentistry.com\/de\/wp-json\/wp\/v2\/posts\/39354\/revisions"}],"wp:attachment":[{"href":"https:\/\/www.best-dentist-dentistry.com\/de\/wp-json\/wp\/v2\/media?parent=39354"}],"wp:term":[{"taxonomy":"category","embeddable":true,"href":"https:\/\/www.best-dentist-dentistry.com\/de\/wp-json\/wp\/v2\/categories?post=39354"},{"taxonomy":"post_tag","embeddable":true,"href":"https:\/\/www.best-dentist-dentistry.com\/de\/wp-json\/wp\/v2\/tags?post=39354"}],"curies":[{"name":"wp","href":"https:\/\/api.w.org\/{rel}","templated":true}]}}