{"id":39372,"date":"2014-04-16T03:33:57","date_gmt":"2014-04-16T03:33:57","guid":{"rendered":null},"modified":"-0001-11-30T00:00:00","modified_gmt":"-0001-11-30T00:00:00","slug":"board-is-calling-on-the-mir-to-rethink-its-indefinite-strike-because-it-hinders-the-dialogue-spaces","status":"publish","type":"post","link":"https:\/\/www.best-dentist-dentistry.com\/de\/board-is-calling-on-the-mir-to-rethink-its-indefinite-strike-because-it-hinders-the-dialogue-spaces\/39372","title":{"rendered":"Vorstand fordert die MIR, den unbefristeten Streik zu \u00fcberdenken, weil es die Dialog R\u00e4ume behindert"},"content":{"rendered":"<p class=\"first\"> Sevilla, 27 (EUROPA PRESS)<\/p>\n<p>. Der Sprecher der andalusischen Regierung, Miguel Angel Vazquez, fragte Dienstag f\u00fcr medizinische Praktikanten Einwohner (MIR), den unbefristeten Streik zu \u00fcberdenken, weil es schwierig ist, \u00d6ffnen Dialog beim &#8220;also unverh\u00e4ltnism\u00e4\u00dfig&#8221; Entscheidungen.<\/p>\n<p>&#8220;Ist, dass wir auch die M\u00f6glichkeiten f\u00fcr einen Dialog erkundet haben&#8221;, sagte Miguel Angel Vazquez im folgenden Pressekonferenz der EZB-Rat treffen, zeigen, dass es die Zeit der &#8220;Ruhe, M\u00e4\u00dfigung und sitzen an einem Tisch&#8221;, wo der Landesvorstand bereit ist, teilnehmen und suchen L\u00f6sung f\u00fcr die Anspr\u00fcche dieser Gruppe.<\/p>\n<p>Hat darauf bestanden, dass Dialog &#8220;sind immer offen&#8221; in der regionalen Regierung von Andalusien leitet und in der Tat vor Tagen gab es eine Reihe von Kontakten, die kein Ergebnis hatten.<\/p>\n","protected":false},"excerpt":{"rendered":"<p>Sevilla, 27 (EUROPA PRESS) . Der Sprecher der andalusischen Regierung, Miguel Angel Vazquez, fragte Dienstag f\u00fcr medizinische Praktikanten Einwohner (MIR), den unbefristeten Streik zu \u00fcberdenken, weil es schwierig ist, \u00d6ffnen Dialog beim &#8220;also unverh\u00e4ltnism\u00e4\u00dfig&#8221; Entscheidungen. &#8220;Ist, dass wir auch die M\u00f6glichkeiten f\u00fcr einen Dialog erkundet haben&#8221;, sagte Miguel Angel Vazquez im folgenden Pressekonferenz der EZB-Rat [&hellip;]<\/p>\n","protected":false},"author":1,"featured_media":0,"comment_status":"close","ping_status":"open","sticky":false,"template":"","format":"standard","meta":{"footnotes":""},"categories":[3],"tags":[47701],"class_list":["post-39372","post","type-post","status-publish","format-standard","hentry","category-allgemeine","tag-dialog-rume","et-doesnt-have-format-content","et_post_format-et-post-format-standard"],"_links":{"self":[{"href":"https:\/\/www.best-dentist-dentistry.com\/de\/wp-json\/wp\/v2\/posts\/39372","targetHints":{"allow":["GET"]}}],"collection":[{"href":"https:\/\/www.best-dentist-dentistry.com\/de\/wp-json\/wp\/v2\/posts"}],"about":[{"href":"https:\/\/www.best-dentist-dentistry.com\/de\/wp-json\/wp\/v2\/types\/post"}],"author":[{"embeddable":true,"href":"https:\/\/www.best-dentist-dentistry.com\/de\/wp-json\/wp\/v2\/users\/1"}],"replies":[{"embeddable":true,"href":"https:\/\/www.best-dentist-dentistry.com\/de\/wp-json\/wp\/v2\/comments?post=39372"}],"version-history":[{"count":0,"href":"https:\/\/www.best-dentist-dentistry.com\/de\/wp-json\/wp\/v2\/posts\/39372\/revisions"}],"wp:attachment":[{"href":"https:\/\/www.best-dentist-dentistry.com\/de\/wp-json\/wp\/v2\/media?parent=39372"}],"wp:term":[{"taxonomy":"category","embeddable":true,"href":"https:\/\/www.best-dentist-dentistry.com\/de\/wp-json\/wp\/v2\/categories?post=39372"},{"taxonomy":"post_tag","embeddable":true,"href":"https:\/\/www.best-dentist-dentistry.com\/de\/wp-json\/wp\/v2\/tags?post=39372"}],"curies":[{"name":"wp","href":"https:\/\/api.w.org\/{rel}","templated":true}]}}