{"id":39385,"date":"2014-04-16T03:37:40","date_gmt":"2014-04-16T03:37:40","guid":{"rendered":null},"modified":"-0001-11-30T00:00:00","modified_gmt":"-0001-11-30T00:00:00","slug":"the-psoe-asked-mato-that-explain-health-privatization-in-the-senate","status":"publish","type":"post","link":"https:\/\/www.best-dentist-dentistry.com\/de\/the-psoe-asked-mato-that-explain-health-privatization-in-the-senate\/39385","title":{"rendered":"Die PSOE fragte Mato, die Gesundheit zu erkl\u00e4ren &#8220;Privatisierung&#8221; im Senat"},"content":{"rendered":"<p class=\"first\"> Madrid, 4 Dec (EFE).-die Sozialdemokratische Fraktion forderte die Anh\u00f6rung im Senat des Ministers f\u00fcr Gesundheit, Soziales und Gleichstellung, Ana Mato, so erkl\u00e4ren ihre Politik der &#8220;Privatisierung&#8221; von Krankenh\u00e4usern und Gesundheitszentren.<\/p>\n<p>Der Sprecher der PSOE in Gesundheit, Roberto Lertxundi, berichtet in einer Pressemitteilung, dass seine Gruppe vorlegen wird eine Bewegung in dem zur\u00fcckgefordert werden, an die Regierung, die &#8220;sofort-Stop&#8221; diesen Prozess seit M\u00e4rz in Madrid, Valencia, Kastilien &#8211; La Mancha, Castilla y Le\u00f3n und Extremadura<\/p>\n<p>Lertxundi hat davor gewarnt, der den &#8220;R\u00fcckschlag&#8221;, die f\u00fcr die \u00f6ffentliche Gesundheit darstellt, dieses Kriterium &#8220;Privatisierung&#8221; und hat wider, die so genannte &#8220;wei\u00dfe Tide&#8221; und die Mobilisierungen, die in den letzten Wochen in der Gemeinschaft von Madrid aus Protest durch die Landesregierung Ma\u00dfnahmen stattgefunden haben.<\/p>\n","protected":false},"excerpt":{"rendered":"<p>Madrid, 4 Dec (EFE).-die Sozialdemokratische Fraktion forderte die Anh\u00f6rung im Senat des Ministers f\u00fcr Gesundheit, Soziales und Gleichstellung, Ana Mato, so erkl\u00e4ren ihre Politik der &#8220;Privatisierung&#8221; von Krankenh\u00e4usern und Gesundheitszentren. Der Sprecher der PSOE in Gesundheit, Roberto Lertxundi, berichtet in einer Pressemitteilung, dass seine Gruppe vorlegen wird eine Bewegung in dem zur\u00fcckgefordert werden, an die [&hellip;]<\/p>\n","protected":false},"author":1,"featured_media":0,"comment_status":"close","ping_status":"open","sticky":false,"template":"","format":"standard","meta":{"footnotes":""},"categories":[3],"tags":[],"class_list":["post-39385","post","type-post","status-publish","format-standard","hentry","category-allgemeine","et-doesnt-have-format-content","et_post_format-et-post-format-standard"],"_links":{"self":[{"href":"https:\/\/www.best-dentist-dentistry.com\/de\/wp-json\/wp\/v2\/posts\/39385","targetHints":{"allow":["GET"]}}],"collection":[{"href":"https:\/\/www.best-dentist-dentistry.com\/de\/wp-json\/wp\/v2\/posts"}],"about":[{"href":"https:\/\/www.best-dentist-dentistry.com\/de\/wp-json\/wp\/v2\/types\/post"}],"author":[{"embeddable":true,"href":"https:\/\/www.best-dentist-dentistry.com\/de\/wp-json\/wp\/v2\/users\/1"}],"replies":[{"embeddable":true,"href":"https:\/\/www.best-dentist-dentistry.com\/de\/wp-json\/wp\/v2\/comments?post=39385"}],"version-history":[{"count":0,"href":"https:\/\/www.best-dentist-dentistry.com\/de\/wp-json\/wp\/v2\/posts\/39385\/revisions"}],"wp:attachment":[{"href":"https:\/\/www.best-dentist-dentistry.com\/de\/wp-json\/wp\/v2\/media?parent=39385"}],"wp:term":[{"taxonomy":"category","embeddable":true,"href":"https:\/\/www.best-dentist-dentistry.com\/de\/wp-json\/wp\/v2\/categories?post=39385"},{"taxonomy":"post_tag","embeddable":true,"href":"https:\/\/www.best-dentist-dentistry.com\/de\/wp-json\/wp\/v2\/tags?post=39385"}],"curies":[{"name":"wp","href":"https:\/\/api.w.org\/{rel}","templated":true}]}}