{"id":39386,"date":"2014-04-16T03:37:44","date_gmt":"2014-04-16T03:37:44","guid":{"rendered":null},"modified":"-0001-11-30T00:00:00","modified_gmt":"-0001-11-30T00:00:00","slug":"unions-say-that-the-monitoring-of-health-strike-grows-against-the-arrogance-of-fuenlabrada","status":"publish","type":"post","link":"https:\/\/www.best-dentist-dentistry.com\/de\/unions-say-that-the-monitoring-of-health-strike-grows-against-the-arrogance-of-fuenlabrada\/39386","title":{"rendered":"Gewerkschaften sagen, dass die \u00dcberwachung der Gesundheit Streik gegen die &#8220;Arroganz&#8221; Fuenlabrada w\u00e4chst"},"content":{"rendered":"<p class=\"first\"> MADRID, 04 (EUROPA PRESS)<\/p>\n<p>Gewerkschaften verschl\u00fcsselt Follow-up am dritten Tag der Gesundheit Generalstreik um 90 Prozent, was eine Erh\u00f6hung der Teilnahme an fr\u00fcheren Sitzungen bildet, die die Emp\u00f6rung zugeschrieben haben, das die &#8220;Arroganz&#8221; des Ministers f\u00fcr Gesundheit, Javier Fern\u00e1ndez-Fuenlabrada, in seiner letzten \u00f6ffentlichen \u00c4u\u00dferungen in medizinisches Personal generiert hat.<\/p>\n<p>Wie aus der sektoralen Tabelle der Gesundheit Gewerkschaften berichtet, am Nachmittag die \u00dcberwachung wird sein &#8220;Mehrheit&#8221;, vor allem in der Grundversorgung, die den Dienst, die gr\u00f6\u00dfere Aktivit\u00e4t am Nachmittag hat.<\/p>\n<p>Verantwortlich f\u00fcr die Gesundheit der UGT, Carmen Medranda, angedeutet hat, dass der Tag wurde entwickelt &#8220;normal und ohne Probleme&#8221; und erkl\u00e4rte, dass am heutigen Mittwoch auf der Pressekonferenz einen neuen Kalender von Protestaktionen \u00fcber die Ablehnung der neue sanit\u00e4re Ma\u00dfnahmen der Landesregierung pr\u00e4sentiert werden.<\/p>\n<p>Auf der anderen Seite, betonte ein Sprecher f\u00fcr AMYTS an Europa Press, dass die Konzentration, der findet diesen Mittwoch im 17 gegen Madrid-Montage (nur die Tage, die die Verarbeitung der Haushalte beginnt) wird &#8220;massive&#8221; durch die Atmosph\u00e4re der &#8220;Spannung&#8221;, die die Haltung des Ministeriums verursacht hat.<\/p>\n","protected":false},"excerpt":{"rendered":"<p>MADRID, 04 (EUROPA PRESS) Gewerkschaften verschl\u00fcsselt Follow-up am dritten Tag der Gesundheit Generalstreik um 90 Prozent, was eine Erh\u00f6hung der Teilnahme an fr\u00fcheren Sitzungen bildet, die die Emp\u00f6rung zugeschrieben haben, das die &#8220;Arroganz&#8221; des Ministers f\u00fcr Gesundheit, Javier Fern\u00e1ndez-Fuenlabrada, in seiner letzten \u00f6ffentlichen \u00c4u\u00dferungen in medizinisches Personal generiert hat. Wie aus der sektoralen Tabelle der [&hellip;]<\/p>\n","protected":false},"author":1,"featured_media":0,"comment_status":"close","ping_status":"open","sticky":false,"template":"","format":"standard","meta":{"footnotes":""},"categories":[3],"tags":[],"class_list":["post-39386","post","type-post","status-publish","format-standard","hentry","category-allgemeine","et-doesnt-have-format-content","et_post_format-et-post-format-standard"],"_links":{"self":[{"href":"https:\/\/www.best-dentist-dentistry.com\/de\/wp-json\/wp\/v2\/posts\/39386","targetHints":{"allow":["GET"]}}],"collection":[{"href":"https:\/\/www.best-dentist-dentistry.com\/de\/wp-json\/wp\/v2\/posts"}],"about":[{"href":"https:\/\/www.best-dentist-dentistry.com\/de\/wp-json\/wp\/v2\/types\/post"}],"author":[{"embeddable":true,"href":"https:\/\/www.best-dentist-dentistry.com\/de\/wp-json\/wp\/v2\/users\/1"}],"replies":[{"embeddable":true,"href":"https:\/\/www.best-dentist-dentistry.com\/de\/wp-json\/wp\/v2\/comments?post=39386"}],"version-history":[{"count":0,"href":"https:\/\/www.best-dentist-dentistry.com\/de\/wp-json\/wp\/v2\/posts\/39386\/revisions"}],"wp:attachment":[{"href":"https:\/\/www.best-dentist-dentistry.com\/de\/wp-json\/wp\/v2\/media?parent=39386"}],"wp:term":[{"taxonomy":"category","embeddable":true,"href":"https:\/\/www.best-dentist-dentistry.com\/de\/wp-json\/wp\/v2\/categories?post=39386"},{"taxonomy":"post_tag","embeddable":true,"href":"https:\/\/www.best-dentist-dentistry.com\/de\/wp-json\/wp\/v2\/tags?post=39386"}],"curies":[{"name":"wp","href":"https:\/\/api.w.org\/{rel}","templated":true}]}}