{"id":39395,"date":"2014-04-16T04:16:10","date_gmt":"2014-04-16T04:16:10","guid":{"rendered":null},"modified":"-0001-11-30T00:00:00","modified_gmt":"-0001-11-30T00:00:00","slug":"the-psoe-in-doubt-the-commitment-of-the-government-with-the-public-and-universal-health","status":"publish","type":"post","link":"https:\/\/www.best-dentist-dentistry.com\/de\/the-psoe-in-doubt-the-commitment-of-the-government-with-the-public-and-universal-health\/39395","title":{"rendered":"the psoe in doubt the commitment of the government with the public and universal health"},"content":{"rendered":"<p>&lt;!-Google_ad_section_start&#8211;> <\/p>\n<p class=\"first\"> Madrid, 30 jul (EFE).-El PSOE Zweifel, die Unterzeichnung des Paktes heute von der Regierung mit Angeh\u00f6rigen der Gesundheitsberufe zur Nachhaltigkeit und Qualit\u00e4t des nationalen Gesundheitssystems zu \u00fcbernehmen, eine &#8220;Berichtigung&#8221; der Exekutive und ein echtes Engagement dieses mit einem \u00f6ffentlichen, universal und freie Gesundheit.<\/p>\n<p>&#8220;Der Tag des Gesundheitsmanagement Rajoy (Premierminister) und get\u00f6tet (Gesundheitsminister) ist gesundheitliche Ungleichheit bestehen und Verschlechterung f\u00fcr die Profis und Volksgesundheit, Schnitte, anders als sagen, sie wollen in diesem Vertrag&#8221;, denn es den sozialistischen Sprecher f\u00fcr Gesundheit Jos\u00e9 Mart\u00ednez Olmos gew\u00e4hrleistet.<\/p>\n<p>In einer Erkl\u00e4rung, der Anf\u00fchrer der PSOE gezeigt &#8220;skeptisch&#8221; \u00fcber die M\u00f6glichkeit, dass Mato wird vorschlagen, die Gerichte einen Standard f\u00fcr &#8220;Universalisierung&#8221; das Recht auf Gesundheitsversorgung und die Aufhebung der Gesundheitsreform des Jahres 2012.<\/p>\n<p>Aus diesem Grund wird die PSOE eine Reihe von parlamentarischen Fragen notieren, sodass Mato &#8220;das echte Engagement der rechtlich korrekten Gesundheit&#8221;Schnitte&#8221;und der&#8221;Verschlechterung&#8221;der \u00f6ffentlichen Gesundheit zeigen kann&#8221;.<\/p>\n<p>&#8220;Was w\u00e4re nicht Eingang &#8211; nach Mart\u00ednez Olmos &#8211; ist, dass Rajoy-Versuch, Unterschlupf in einem Foto mit medizinischem Fachpersonal &#8211; eines der am meisten gesch\u00e4tzten Gesellschaft Berufe &#8211; politische ICU verlassen, in dem Herr B\u00e1rcenas hat&#8221;.<\/p>\n<p>&#8220;<\/p>\n<p>Scheint nicht, dass dieses Abkommen, sie argumentieren die Sozialisten, sieht keine Verpflichtung zur Fixieren des Prozess der Privatisierung der Gesundheit, die von der Gemeinschaft von Madrid, noch, dass andere Regionen der durchgef\u00fchrten PP entwickelt oder f\u00fcr die Zukunft angek\u00fcndigt worden&#8221;.<\/p>\n<p>An Gemeinden, verstehen Martinez Olmos haben nicht z\u00e4hlte sie in den Verhandlungen &#8220;wirft Schatten des Zweifels \u00fcber die Lebensf\u00e4higkeit von einigen professionellen Engagements&#8221;.<\/p>\n<p>&lt;!-Google_ad_section_end&#8211;><\/p>\n","protected":false},"excerpt":{"rendered":"<p>&lt;!-Google_ad_section_start&#8211;> Madrid, 30 jul (EFE).-El PSOE Zweifel, die Unterzeichnung des Paktes heute von der Regierung mit Angeh\u00f6rigen der Gesundheitsberufe zur Nachhaltigkeit und Qualit\u00e4t des nationalen Gesundheitssystems zu \u00fcbernehmen, eine &#8220;Berichtigung&#8221; der Exekutive und ein echtes Engagement dieses mit einem \u00f6ffentlichen, universal und freie Gesundheit. &#8220;Der Tag des Gesundheitsmanagement Rajoy (Premierminister) und get\u00f6tet (Gesundheitsminister) ist gesundheitliche [&hellip;]<\/p>\n","protected":false},"author":1,"featured_media":0,"comment_status":"close","ping_status":"open","sticky":false,"template":"","format":"standard","meta":{"footnotes":""},"categories":[3],"tags":[47710],"class_list":["post-39395","post","type-post","status-publish","format-standard","hentry","category-allgemeine","tag-dengue-fieber-ausbruch","et-doesnt-have-format-content","et_post_format-et-post-format-standard"],"_links":{"self":[{"href":"https:\/\/www.best-dentist-dentistry.com\/de\/wp-json\/wp\/v2\/posts\/39395","targetHints":{"allow":["GET"]}}],"collection":[{"href":"https:\/\/www.best-dentist-dentistry.com\/de\/wp-json\/wp\/v2\/posts"}],"about":[{"href":"https:\/\/www.best-dentist-dentistry.com\/de\/wp-json\/wp\/v2\/types\/post"}],"author":[{"embeddable":true,"href":"https:\/\/www.best-dentist-dentistry.com\/de\/wp-json\/wp\/v2\/users\/1"}],"replies":[{"embeddable":true,"href":"https:\/\/www.best-dentist-dentistry.com\/de\/wp-json\/wp\/v2\/comments?post=39395"}],"version-history":[{"count":0,"href":"https:\/\/www.best-dentist-dentistry.com\/de\/wp-json\/wp\/v2\/posts\/39395\/revisions"}],"wp:attachment":[{"href":"https:\/\/www.best-dentist-dentistry.com\/de\/wp-json\/wp\/v2\/media?parent=39395"}],"wp:term":[{"taxonomy":"category","embeddable":true,"href":"https:\/\/www.best-dentist-dentistry.com\/de\/wp-json\/wp\/v2\/categories?post=39395"},{"taxonomy":"post_tag","embeddable":true,"href":"https:\/\/www.best-dentist-dentistry.com\/de\/wp-json\/wp\/v2\/tags?post=39395"}],"curies":[{"name":"wp","href":"https:\/\/api.w.org\/{rel}","templated":true}]}}