{"id":39460,"date":"2014-04-16T04:32:40","date_gmt":"2014-04-16T04:32:40","guid":{"rendered":null},"modified":"-0001-11-30T00:00:00","modified_gmt":"-0001-11-30T00:00:00","slug":"cuba-calls-to-save-electricity-before-next-timetable-change","status":"publish","type":"post","link":"https:\/\/www.best-dentist-dentistry.com\/de\/cuba-calls-to-save-electricity-before-next-timetable-change\/39460","title":{"rendered":"Kuba Anrufe um Strom vor dem n\u00e4chsten Zeitplan \u00e4ndern"},"content":{"rendered":"<p>&lt;!-Google_ad_section_start&#8211;> <\/p>\n<p class=\"first\"> Staatsmacht Union Kuba Freitag angefordert, die Kubaner Strom sparen und vermeiden &#8220;Exzesse der Verbrauch&#8221; ab 3. November wann wird das Land von Sommerzeit auf Normal Wandel.<\/p>\n<p>Damals Kubaner m\u00fcssen eine Stunde verz\u00f6gert ihre Uhren, die mit dem normalen Gesch\u00e4ftszeiten werden umgesiedelt werden, was f\u00fchrt sie zu &#8220;eine st\u00e4rkere Nutzung des k\u00fcnstlichen Lichtes, zeitgleich mit dem Kochen von Lebensmitteln in Haushalten, die maximale Strombedarf macht&#8221;, sagte eine Notiz von der Firma, ver\u00f6ffentlicht von der offiziellen Zeitung Granma.<\/p>\n<p>Beh\u00f6rden der Firma namens &#8220;zum Speichern von Ma\u00dfnahmen steigern&#8221; von Elektrizit\u00e4t, getrieben von Ra\u00fal Castros Regierung seit 2009 und &#8220;Exzesse der Verbrauch&#8221;, vor allem in Zeiten der steigenden Nachfrage zu vermeiden.<\/p>\n<p>Sommerflugplan regiert die Insel vom M\u00e4rz 10.<\/p>\n<p>Granma sagte in seiner Ausgabe am Donnerstag das &#8220;Unterbrechungen (Blackouts) Elektro-Service auf dem Wohnsektor zur\u00fcckgekehrt, dass eine eher unerw\u00fcnschte Frequenz in einigen Gemeinden von Havanna&#8221; vertretenden zur Umsetzung des Aktionsprogramms der Sanierung der Stromnetze, die die Regierung im Jahr 2005 begann.<\/p>\n<p>Der Direktor des Unternehmens, Ricardo Mangana, sagte der Zeitung, die am Anfang des Programms, die auch die Modernisierung der Unterwerke und den Bau von anderen, &#8220;elektrische Netzwerke von der Hauptstadt zeigte 70 % des Alterungs- und hohe Beeintr\u00e4chtigung&#8221;, die dem &#8220;Technologie der Sperrung&#8221;-System, erh\u00f6hen die Service-Gerichte hinzugef\u00fcgt.<\/p>\n<p>Mangana betonte, dass bis August erf\u00fcllte 57 % des Programms war die f\u00fcr 2016 und aktuelle Stromausf\u00e4lle zur Bew\u00e4ltigung der durchgef\u00fchrten Arbeit in einigen Gemeinden von Havanna angesetzt ist.<\/p>\n<p>2004, Kuba erlitt eine schwere Krise der Generation mit h\u00e4ufigen Stromausf\u00e4lle, eines der gro\u00dfen Probleme des kubanischen Volkes, verursacht erhebliche Verluste in Produktion und Dienstleistung.<\/p>\n<p>Mauerwerk der Netzspannung in einem Bild M\u00e4rz 2013 bei Blenod-Les-Pont-\u00e0-Mousson, \u00f6stlich von Frankreich<\/p>\n<p>&lt;!-Google_ad_section_end&#8211;><\/p>\n","protected":false},"excerpt":{"rendered":"<p>&lt;!-Google_ad_section_start&#8211;> Staatsmacht Union Kuba Freitag angefordert, die Kubaner Strom sparen und vermeiden &#8220;Exzesse der Verbrauch&#8221; ab 3. November wann wird das Land von Sommerzeit auf Normal Wandel. Damals Kubaner m\u00fcssen eine Stunde verz\u00f6gert ihre Uhren, die mit dem normalen Gesch\u00e4ftszeiten werden umgesiedelt werden, was f\u00fchrt sie zu &#8220;eine st\u00e4rkere Nutzung des k\u00fcnstlichen Lichtes, zeitgleich mit [&hellip;]<\/p>\n","protected":false},"author":1,"featured_media":0,"comment_status":"close","ping_status":"open","sticky":false,"template":"","format":"standard","meta":{"footnotes":""},"categories":[3],"tags":[],"class_list":["post-39460","post","type-post","status-publish","format-standard","hentry","category-allgemeine","et-doesnt-have-format-content","et_post_format-et-post-format-standard"],"_links":{"self":[{"href":"https:\/\/www.best-dentist-dentistry.com\/de\/wp-json\/wp\/v2\/posts\/39460","targetHints":{"allow":["GET"]}}],"collection":[{"href":"https:\/\/www.best-dentist-dentistry.com\/de\/wp-json\/wp\/v2\/posts"}],"about":[{"href":"https:\/\/www.best-dentist-dentistry.com\/de\/wp-json\/wp\/v2\/types\/post"}],"author":[{"embeddable":true,"href":"https:\/\/www.best-dentist-dentistry.com\/de\/wp-json\/wp\/v2\/users\/1"}],"replies":[{"embeddable":true,"href":"https:\/\/www.best-dentist-dentistry.com\/de\/wp-json\/wp\/v2\/comments?post=39460"}],"version-history":[{"count":0,"href":"https:\/\/www.best-dentist-dentistry.com\/de\/wp-json\/wp\/v2\/posts\/39460\/revisions"}],"wp:attachment":[{"href":"https:\/\/www.best-dentist-dentistry.com\/de\/wp-json\/wp\/v2\/media?parent=39460"}],"wp:term":[{"taxonomy":"category","embeddable":true,"href":"https:\/\/www.best-dentist-dentistry.com\/de\/wp-json\/wp\/v2\/categories?post=39460"},{"taxonomy":"post_tag","embeddable":true,"href":"https:\/\/www.best-dentist-dentistry.com\/de\/wp-json\/wp\/v2\/tags?post=39460"}],"curies":[{"name":"wp","href":"https:\/\/api.w.org\/{rel}","templated":true}]}}