{"id":39485,"date":"2014-04-19T02:55:56","date_gmt":"2014-04-19T02:55:56","guid":{"rendered":null},"modified":"-0001-11-30T00:00:00","modified_gmt":"-0001-11-30T00:00:00","slug":"chavela-vargas-health-worsens-because-of-a-respiratory-problem","status":"publish","type":"post","link":"https:\/\/www.best-dentist-dentistry.com\/de\/chavela-vargas-health-worsens-because-of-a-respiratory-problem\/39485","title":{"rendered":"Chavela Vargas Gesundheit verschlechtert sich aufgrund eines respiratory Problems"},"content":{"rendered":"<p class=\"first\"> Mexiko, 5 Aug (EFE).-die mexikanische S\u00e4ngerin Chavela Vargas Costa Rican Ursprung heute mit respiratorischen Schwierigkeiten, aufgrund Ihrer Lungenkrankheit angebrochen, obwohl sie wach und bewusst, bleibt Efe informiert sein Arzt, Jos\u00e9 Manuel N\u00fa\u00f1ez.<\/p>\n<p>&#8220;Es d\u00e4mmerte ein bisschen ernster in seine Lunge-Problem, und wir sind drin,&#8221; sagte der Spezialist verantwortlich f\u00fcr die Betreuung des K\u00fcnstlers, die deutlich gemacht, die er nicht hat, hat Bewusstsein nicht verloren und bleibt wach, wenn auch mit einer Periode von Schl\u00e4frigkeit.<\/p>\n<p>&#8220;Von eingegebenen wach geblieben und ist sich bewusst, aber Sie haben jetzt viel Schwierigkeiten bei der Atmung,&#8221; sagte.<\/p>\n<p>F\u00fcgte hinzu, dass sie viele Schwierigkeiten hatten, Behandlungen, anzuwenden &#8220;sie will nicht invasive Methoden, und in diesem Fall braucht einen Ventilator, zu dem sie sich weigert&#8221;.<\/p>\n<p>&#8220;Deine Entscheidung ist respektabel und ich kann es nicht ohne Ihre Erlaubnis eindringen, vor allem, wenn sie sich weigert,&#8221;, sagte Nunez nach erinnert, die letzten Mittwoch Morgen mit ein \u00e4hnliches Bild dargestellt wurden, war zu \u00fcberwinden, und heute erwartet &#8220;auch vorw\u00e4rts&#8221;.<\/p>\n<p>Nu\u00f1ez zu erinnern, dass da er ins Krankenhaus eingeliefert wurde die 93 Jahre alte S\u00e4ngerin in der Intensivstation geblieben ist, wo bleibt das medizinische Team aufmerksam auf seine Entwicklung.<\/p>\n<p>Sagte, dass wenn Sie \u00fcbergeben den kritischen Zustand den medizinischen Teil informieren k\u00f6nnen, wie sie in der letzten Woche getan haben.<\/p>\n<p>Gestern auf seinem Twitter-Account, Chavela Vargas sagte: &#8220;Ich werde nicht sterben, denn ich ein Schamane bin und wir nicht sterben, wir \u00fcberwinden&#8221;.<\/p>\n<p>nach dem medizinischen Bericht von gestern, die Prognose ist &#8220;schlecht f\u00fcr die Funktion und laut Evolution Leben vorbehaltenen&#8221;.<\/p>\n<p>Der S\u00e4nger, deren richtiger Name Isabel Vargas Lizano ist, ist Sonntag verging ein \u00c4rzteteam unter der Leitung von Jos\u00e9 Manuel N\u00fa\u00f1ez Spezialist im Krankenhaus Inovamed von Cuernavaca, Hauptstadt der zentralen Bundesstaat Morelos besetzt.<\/p>\n<p>Der S\u00e4nger kam nach Mexiko vom 26. Juli nach fast ein Monat in Spanien, wo es gereist, um ein Recital mit Songs aus dem Album gewidmet Dichters Federico Garc\u00eda Lorca zu geben, mit dem Titel &#8220;Big Moon&#8221; und ihre Berichte vorzulegen.<\/p>\n<p>Diese Anstrengung verabschiedete Gesetzesentwurf und am 12. Juli wurde in ein Krankenhaus in Madrid, wo er, bis zum 21. Juli blieb aufgenommen.<\/p>\n<p>In sozialen Netzwerken, haben verschiedene K\u00fcnstler \u00e4u\u00dferten sich zustimmend, Chavela Vargas als Kate de el Castillo und Carlos Baute, unter anderem.<\/p>\n","protected":false},"excerpt":{"rendered":"<p>Mexiko, 5 Aug (EFE).-die mexikanische S\u00e4ngerin Chavela Vargas Costa Rican Ursprung heute mit respiratorischen Schwierigkeiten, aufgrund Ihrer Lungenkrankheit angebrochen, obwohl sie wach und bewusst, bleibt Efe informiert sein Arzt, Jos\u00e9 Manuel N\u00fa\u00f1ez. &#8220;Es d\u00e4mmerte ein bisschen ernster in seine Lunge-Problem, und wir sind drin,&#8221; sagte der Spezialist verantwortlich f\u00fcr die Betreuung des K\u00fcnstlers, die deutlich [&hellip;]<\/p>\n","protected":false},"author":1,"featured_media":0,"comment_status":"close","ping_status":"open","sticky":false,"template":"","format":"standard","meta":{"footnotes":""},"categories":[3],"tags":[47805],"class_list":["post-39485","post","type-post","status-publish","format-standard","hentry","category-allgemeine","tag-verbung","et-doesnt-have-format-content","et_post_format-et-post-format-standard"],"_links":{"self":[{"href":"https:\/\/www.best-dentist-dentistry.com\/de\/wp-json\/wp\/v2\/posts\/39485","targetHints":{"allow":["GET"]}}],"collection":[{"href":"https:\/\/www.best-dentist-dentistry.com\/de\/wp-json\/wp\/v2\/posts"}],"about":[{"href":"https:\/\/www.best-dentist-dentistry.com\/de\/wp-json\/wp\/v2\/types\/post"}],"author":[{"embeddable":true,"href":"https:\/\/www.best-dentist-dentistry.com\/de\/wp-json\/wp\/v2\/users\/1"}],"replies":[{"embeddable":true,"href":"https:\/\/www.best-dentist-dentistry.com\/de\/wp-json\/wp\/v2\/comments?post=39485"}],"version-history":[{"count":0,"href":"https:\/\/www.best-dentist-dentistry.com\/de\/wp-json\/wp\/v2\/posts\/39485\/revisions"}],"wp:attachment":[{"href":"https:\/\/www.best-dentist-dentistry.com\/de\/wp-json\/wp\/v2\/media?parent=39485"}],"wp:term":[{"taxonomy":"category","embeddable":true,"href":"https:\/\/www.best-dentist-dentistry.com\/de\/wp-json\/wp\/v2\/categories?post=39485"},{"taxonomy":"post_tag","embeddable":true,"href":"https:\/\/www.best-dentist-dentistry.com\/de\/wp-json\/wp\/v2\/tags?post=39485"}],"curies":[{"name":"wp","href":"https:\/\/api.w.org\/{rel}","templated":true}]}}