{"id":39517,"date":"2014-04-19T02:58:08","date_gmt":"2014-04-19T02:58:08","guid":{"rendered":null},"modified":"-0001-11-30T00:00:00","modified_gmt":"-0001-11-30T00:00:00","slug":"government-ensures-that-no-person-that-needs-urgent-attention-will-fail-to-be-served","status":"publish","type":"post","link":"https:\/\/www.best-dentist-dentistry.com\/de\/government-ensures-that-no-person-that-needs-urgent-attention-will-fail-to-be-served\/39517","title":{"rendered":"Regierung stellt sicher, dass keine Person, die dringend Hilfe ben\u00f6tigt &#8220;werden nicht bedient werden&#8221;"},"content":{"rendered":"<p class=\"first\"> ALICANTE, 8 (EUROPA PRESS)<\/p>\n<p>Der Minister f\u00fcr Justiz und Soziales der Generalitat Valenciana, Jorge Cabr\u00e9, hat am Mittwoch garantiert, dass jeder, der braucht dringend Hilfe, &#8220;unabh\u00e4ngig davon, wo, wird es nicht erf\u00fcllt werden&#8221; in Valencia.<\/p>\n<p>Cabr\u00e9 hat Journalisten diese Aussagen gemacht, bei einem Besuch in der Residenz und Tageszentrum Cati, Elda (Alicante), die der Pr\u00e4sident der Generalitat Valenciana, Alberto Fabra begleitet hat.<\/p>\n<p>Befragt die M\u00f6glichkeit, das Gesundheitsministerium fordert eine wirtschaftliche Menge pro Jahr f\u00fcr Ausl\u00e4nder in einer regelwidrigen Lage, Gesundheitswesen in Spanien zu erhalten, sagte der Minister, dass &#8220;das einzige&#8221; kann &#8220;sicherzustellen ist, dass jeder, der dringend Hilfe braucht, wo es ist, es wird aufh\u00f6ren zu in dieser Region gepflegt werden&#8221;.<\/p>\n<p>&#8220;Das ist die Ruhe, die ich jetzt geben kann. Niemand wird dringend Pflege Bedarf in dieser Gemeinschaft ausgehen&#8221;, behauptet hat.<\/p>\n","protected":false},"excerpt":{"rendered":"<p>ALICANTE, 8 (EUROPA PRESS) Der Minister f\u00fcr Justiz und Soziales der Generalitat Valenciana, Jorge Cabr\u00e9, hat am Mittwoch garantiert, dass jeder, der braucht dringend Hilfe, &#8220;unabh\u00e4ngig davon, wo, wird es nicht erf\u00fcllt werden&#8221; in Valencia. Cabr\u00e9 hat Journalisten diese Aussagen gemacht, bei einem Besuch in der Residenz und Tageszentrum Cati, Elda (Alicante), die der Pr\u00e4sident [&hellip;]<\/p>\n","protected":false},"author":1,"featured_media":0,"comment_status":"close","ping_status":"open","sticky":false,"template":"","format":"standard","meta":{"footnotes":""},"categories":[3],"tags":[47819],"class_list":["post-39517","post","type-post","status-publish","format-standard","hentry","category-allgemeine","tag-gewichtheben","et-doesnt-have-format-content","et_post_format-et-post-format-standard"],"_links":{"self":[{"href":"https:\/\/www.best-dentist-dentistry.com\/de\/wp-json\/wp\/v2\/posts\/39517","targetHints":{"allow":["GET"]}}],"collection":[{"href":"https:\/\/www.best-dentist-dentistry.com\/de\/wp-json\/wp\/v2\/posts"}],"about":[{"href":"https:\/\/www.best-dentist-dentistry.com\/de\/wp-json\/wp\/v2\/types\/post"}],"author":[{"embeddable":true,"href":"https:\/\/www.best-dentist-dentistry.com\/de\/wp-json\/wp\/v2\/users\/1"}],"replies":[{"embeddable":true,"href":"https:\/\/www.best-dentist-dentistry.com\/de\/wp-json\/wp\/v2\/comments?post=39517"}],"version-history":[{"count":0,"href":"https:\/\/www.best-dentist-dentistry.com\/de\/wp-json\/wp\/v2\/posts\/39517\/revisions"}],"wp:attachment":[{"href":"https:\/\/www.best-dentist-dentistry.com\/de\/wp-json\/wp\/v2\/media?parent=39517"}],"wp:term":[{"taxonomy":"category","embeddable":true,"href":"https:\/\/www.best-dentist-dentistry.com\/de\/wp-json\/wp\/v2\/categories?post=39517"},{"taxonomy":"post_tag","embeddable":true,"href":"https:\/\/www.best-dentist-dentistry.com\/de\/wp-json\/wp\/v2\/tags?post=39517"}],"curies":[{"name":"wp","href":"https:\/\/api.w.org\/{rel}","templated":true}]}}