{"id":39566,"date":"2014-04-19T03:22:05","date_gmt":"2014-04-19T03:22:05","guid":{"rendered":null},"modified":"-0001-11-30T00:00:00","modified_gmt":"-0001-11-30T00:00:00","slug":"Peru-startet-einen-internationalen-Treffen-um-Klimawandel-zu-markieren","status":"publish","type":"post","link":"https:\/\/www.best-dentist-dentistry.com\/de\/Peru-startet-einen-internationalen-Treffen-um-Klimawandel-zu-markieren\/39566","title":{"rendered":"Peru startet einen internationalen Treffen um Klimawandel zu markieren"},"content":{"rendered":"<p class=\"first\"> Lima, 29 oct (EFE).-Peru heute er\u00f6ffnet die erste Ausgabe der Interclima 2012, ein internationales treffen, die Fortschritte in der Wirtschaft, organisiert vom Ministerium f\u00fcr Umwelt und die Einbeziehung des Klimawandels in die Entwicklungsprozesse zu analysieren versucht.<\/p>\n<p>Der Umweltminister, Manuel Pulgar-Vidal, sagte bei der Er\u00f6ffnung, dass es notwendig f\u00fcr sein Land die Zusammenarbeit im Rahmen der sogenannten Green-Fonds in H\u00f6he von $ 100 Milliarden, zur Vermeidung von Klima Wandel arbeiten verantwortungsbewusst verwendet.<\/p>\n<p>&#8220;Wird dieser Fonds bis zu 100 Milliarden Dollar bis zum Jahr 2020 erh\u00f6ht werden. H\u00e4ngt die Peru lernen, es zu verwalten, verantwortungsvoll, weiterhin diese Art von Hilfe erhalten zu k\u00f6nnen &#8220;, sagte der Minister.<\/p>\n<p>In die Veranstaltung, die bis zum 31.Oktober erweitert, versammeln sich mehr als 100 Spezialisten aus L\u00e4ndern wie Gro\u00dfbritannien, Mexiko, USA, Kolumbien, Brasilien, Ecuador, Costa Rica, Schweiz, die Niederlande, Chile und Peru.<\/p>\n<p>Vor der Einweihung Pulgar Vidal traf sich mit den Botschaftern der Schweiz, Gro\u00dfbritannien, Finnland, Mexiko und der Europ\u00e4ischen Union zum Austausch von Erfahrungen, Anliegen und Herausforderungen an den Klimawandel.<\/p>\n<p>Der britische \u00d6konom Nicholas Stern nahm an den ersten Tag der Interclima 2012 durch eine Videokonferenz, wo \u00fcber die Auswirkungen von den Auswirkungen des Klimawandels in den Volkswirtschaften der Welt, warnte, die weltweit auf 20 % des Bruttoinlandsprodukts berechnet wurde.<\/p>\n<p>Der Pr\u00e4sident des nationalen Zentrums f\u00fcr strategische Planung (Ceplan), Mariano Paz Sold\u00e1n, warnte unterdessen, dass in den letzten Jahren die Peru seine Gletscher, 7000 Millionen Kubikmeter entspricht mehr als 22 % verloren hat, die die Einwohner von Lima in den folgenden 10 Jahren beanspruchen k\u00f6nnte.<\/p>\n<p>, Der Pr\u00e4sident der Nationalversammlung der Regionalregierungen, Cesar Villanueva, &#8220;fordert eine Konsens-Arbeit mit strategischem Weitblick und langfristig erm\u00f6glicht die Peru weiterhin ihre Entwicklung nachhaltig&#8221;.<\/p>\n<p>Der britische \u00d6konom Nicholas Stern nahm an den ersten Tag der Interclima 2012 durch eine Videokonferenz, wo \u00fcber die Auswirkungen von den Auswirkungen des Klimawandels in den Volkswirtschaften der Welt, warnte, die weltweit auf 20 % des Bruttoinlandsprodukts berechnet wurde. WireImage \/<\/p>\n","protected":false},"excerpt":{"rendered":"<p>Lima, 29 oct (EFE).-Peru heute er\u00f6ffnet die erste Ausgabe der Interclima 2012, ein internationales treffen, die Fortschritte in der Wirtschaft, organisiert vom Ministerium f\u00fcr Umwelt und die Einbeziehung des Klimawandels in die Entwicklungsprozesse zu analysieren versucht. Der Umweltminister, Manuel Pulgar-Vidal, sagte bei der Er\u00f6ffnung, dass es notwendig f\u00fcr sein Land die Zusammenarbeit im Rahmen der [&hellip;]<\/p>\n","protected":false},"author":1,"featured_media":0,"comment_status":"close","ping_status":"open","sticky":false,"template":"","format":"standard","meta":{"footnotes":""},"categories":[3],"tags":[],"class_list":["post-39566","post","type-post","status-publish","format-standard","hentry","category-allgemeine","et-doesnt-have-format-content","et_post_format-et-post-format-standard"],"_links":{"self":[{"href":"https:\/\/www.best-dentist-dentistry.com\/de\/wp-json\/wp\/v2\/posts\/39566","targetHints":{"allow":["GET"]}}],"collection":[{"href":"https:\/\/www.best-dentist-dentistry.com\/de\/wp-json\/wp\/v2\/posts"}],"about":[{"href":"https:\/\/www.best-dentist-dentistry.com\/de\/wp-json\/wp\/v2\/types\/post"}],"author":[{"embeddable":true,"href":"https:\/\/www.best-dentist-dentistry.com\/de\/wp-json\/wp\/v2\/users\/1"}],"replies":[{"embeddable":true,"href":"https:\/\/www.best-dentist-dentistry.com\/de\/wp-json\/wp\/v2\/comments?post=39566"}],"version-history":[{"count":0,"href":"https:\/\/www.best-dentist-dentistry.com\/de\/wp-json\/wp\/v2\/posts\/39566\/revisions"}],"wp:attachment":[{"href":"https:\/\/www.best-dentist-dentistry.com\/de\/wp-json\/wp\/v2\/media?parent=39566"}],"wp:term":[{"taxonomy":"category","embeddable":true,"href":"https:\/\/www.best-dentist-dentistry.com\/de\/wp-json\/wp\/v2\/categories?post=39566"},{"taxonomy":"post_tag","embeddable":true,"href":"https:\/\/www.best-dentist-dentistry.com\/de\/wp-json\/wp\/v2\/tags?post=39566"}],"curies":[{"name":"wp","href":"https:\/\/api.w.org\/{rel}","templated":true}]}}