{"id":39576,"date":"2014-04-19T03:24:07","date_gmt":"2014-04-19T03:24:07","guid":{"rendered":null},"modified":"-0001-11-30T00:00:00","modified_gmt":"-0001-11-30T00:00:00","slug":"the-pp-says-that-euro-per-recipe-is-not-your-model-and-prefer-measures-according-to-income","status":"publish","type":"post","link":"https:\/\/www.best-dentist-dentistry.com\/de\/the-pp-says-that-euro-per-recipe-is-not-your-model-and-prefer-measures-according-to-income\/39576","title":{"rendered":"the pp says that euro per recipe is not your model and prefer measures according to income"},"content":{"rendered":"<p class=\"first\"> Madrid, 5 nov (EFE).-PP hat heute zugegeben, da\u00df Euro pro Rezept, das Sie die Gemeinschaft von Madrid implementieren m\u00f6chten, nicht das Modell, das bef\u00fcrwortet, ist, weil es &#8220;Anpassungen&#8221; je nach dem Einkommen der B\u00fcrger vorzieht, aber er betont hat, dass die Regierung &#8220;sehr freundlich&#8221; werden die Kompetenzen der autonomen Gemeinschaften.<\/p>\n<p>So richtete sie auf Pressekonferenz der stellvertretende Generalsekret\u00e4r der Organisation und kurf\u00fcrstliche PP, Carlos Floriano, f\u00fcr diejenigen, die &#8220;gerechte m\u00f6glich&#8221; finden L\u00f6sungen und sind auf das Einkommen der B\u00fcrger und nicht Alter und so die Exekutive hat ihn verteidigt.<\/p>\n<p>A von dort wies darauf hin, die Ma\u00dfnahmen der Regierung &#8220;wurden die wurden und werden nicht diejenigen des Euro auf Rezept&#8221; da unter anderem die Regierung muss sehr respektvoll mit den Kompetenzen, die jeder der autonomen Gemeinschaften zugeordnet haben.<\/p>\n<p>&#8220;Jeder kann die Entscheidungen soll im Rahmen ihrer Befugnisse&#8221;, hat zugegeben die Volksf\u00fchrer nach darauf, in seiner Partei und der Regierung ein &#8220;Fair&#8221; zu verteidigen und &#8220;egalit\u00e4ren&#8221; Modell in die Nachhaltigkeit des Systems gew\u00e4hrleisten.<\/p>\n<p>Hat darauf bestanden, dass es das beste ist, dass Sie nach Einkommen Zahlen und z. B. Langzeitarbeitslose sind.<\/p>\n<p>Auf jeden Fall bekr\u00e4ftigt Respekt f\u00fcr regionale Kompetenzen und entscheiden im interterritorialen Rat Gesundheit, auch wiederum respektieren Gemeinschaften.<\/p>\n<p>Floriano Worte zu diesem Thema stehen im Einklang mit verteidigte Freitag durch den Vizepr\u00e4sidenten der Regierung, Soraya S\u00e1enz de Santamar\u00eda, obwohl er direkt umgangen kritisieren Euro-Rezept wies darauf hin, dass was die Exekutive mit &#8220;gute Augen&#8221; sieht Ma\u00dfnahmen nach Einkommen zu zahlen sind.<\/p>\n<p>The Vice President erinnerte daran, dass es ein Roundtable-Dialog zwischen Katalonien und die Regierung, durch die \u00f6ffentlichen Verwaltungen, wo wird die Kompatibilit\u00e4t einer Entscheidung dieser Art im Hinblick auf die Verteilung der Kompetenzen zwischen dem Staat und Gemeinden analysiert.<\/p>\n<p>Sagte, dass die Regierung den Vorschlag f\u00fcr die regionalen Madrid wei\u00df Executive &#8220;auf die gleiche Weise fortgesetzt wird&#8221; und &#8220;die Verfassungsm\u00e4\u00dfigkeit diskutiert werden&#8221; Messung.<\/p>\n","protected":false},"excerpt":{"rendered":"<p>Madrid, 5 nov (EFE).-PP hat heute zugegeben, da\u00df Euro pro Rezept, das Sie die Gemeinschaft von Madrid implementieren m\u00f6chten, nicht das Modell, das bef\u00fcrwortet, ist, weil es &#8220;Anpassungen&#8221; je nach dem Einkommen der B\u00fcrger vorzieht, aber er betont hat, dass die Regierung &#8220;sehr freundlich&#8221; werden die Kompetenzen der autonomen Gemeinschaften. So richtete sie auf Pressekonferenz [&hellip;]<\/p>\n","protected":false},"author":1,"featured_media":0,"comment_status":"close","ping_status":"open","sticky":false,"template":"","format":"standard","meta":{"footnotes":""},"categories":[3],"tags":[],"class_list":["post-39576","post","type-post","status-publish","format-standard","hentry","category-allgemeine","et-doesnt-have-format-content","et_post_format-et-post-format-standard"],"_links":{"self":[{"href":"https:\/\/www.best-dentist-dentistry.com\/de\/wp-json\/wp\/v2\/posts\/39576","targetHints":{"allow":["GET"]}}],"collection":[{"href":"https:\/\/www.best-dentist-dentistry.com\/de\/wp-json\/wp\/v2\/posts"}],"about":[{"href":"https:\/\/www.best-dentist-dentistry.com\/de\/wp-json\/wp\/v2\/types\/post"}],"author":[{"embeddable":true,"href":"https:\/\/www.best-dentist-dentistry.com\/de\/wp-json\/wp\/v2\/users\/1"}],"replies":[{"embeddable":true,"href":"https:\/\/www.best-dentist-dentistry.com\/de\/wp-json\/wp\/v2\/comments?post=39576"}],"version-history":[{"count":0,"href":"https:\/\/www.best-dentist-dentistry.com\/de\/wp-json\/wp\/v2\/posts\/39576\/revisions"}],"wp:attachment":[{"href":"https:\/\/www.best-dentist-dentistry.com\/de\/wp-json\/wp\/v2\/media?parent=39576"}],"wp:term":[{"taxonomy":"category","embeddable":true,"href":"https:\/\/www.best-dentist-dentistry.com\/de\/wp-json\/wp\/v2\/categories?post=39576"},{"taxonomy":"post_tag","embeddable":true,"href":"https:\/\/www.best-dentist-dentistry.com\/de\/wp-json\/wp\/v2\/tags?post=39576"}],"curies":[{"name":"wp","href":"https:\/\/api.w.org\/{rel}","templated":true}]}}