{"id":3962,"date":"2012-03-05T10:00:12","date_gmt":"2012-03-05T10:00:12","guid":{"rendered":null},"modified":"-0001-11-30T00:00:00","modified_gmt":"-0001-11-30T00:00:00","slug":"morales-resumes-its-public-agenda-after-a-hospital-day-and-another-at-rest","status":"publish","type":"post","link":"https:\/\/www.best-dentist-dentistry.com\/de\/morales-resumes-its-public-agenda-after-a-hospital-day-and-another-at-rest\/3962","title":{"rendered":"Morales setzt die \u00f6ffentliche Tagesordnung nach einem Krankenhaus Tag und ein weiteres in Ruhe"},"content":{"rendered":"<p class=\"first\"> Frieden, 5 M\u00e4r (EFE).-bolivianischen Pr\u00e4sidenten, Evo Morales, nahm seine Aktivit\u00e4ten der Regierung nach der hospitalisierten Samstag und Sonntag im \u00fcbrigen offizielle Quellen berichtet heute.<\/p>\n<p>Der Herrscher von 52 Jahren, begann des Tages um 0360 Ortszeit (GMT 1000) mit einem Treffen mit den Mitarbeitern der Streitkr\u00e4fte, die Pr\u00e4sidentenpalast Quellen berichtete EfE.<\/p>\n<p>Sp\u00e4ter es die Unterzeichnung eines Abkommens mit der chinesischen Firma Camce zum Bau einer Anlage der Industrialisierung von Zucker und Derivate in San Buenaventura, Department von La Paz zu besuchen beabsichtigt.<\/p>\n<p>Am Nachmittag werden die 27 Jubil\u00e4um der Gr\u00fcndung der Gemeinde El Alto, die j\u00fcngste Stadt und eines der \u00e4rmsten in Bolivien, rund um La Paz Vorsitz.<\/p>\n<p>Morales am Samstagabend verlie\u00df die Klinik in der zentralen Stadt Cochabamba wo er interniert auf \u00fcberraschende Weise 24 Stunden fr\u00fcher und Spezialisten, die sagte, dass es &#8220;sehr guten Gesundheit&#8221;.<\/p>\n<p>Krankenhausaufenthalt war nicht angek\u00fcndigt und gezwungen, in letzter Minute aussetzen mindestens f\u00fcnf reden, die Morales ging auszusprechen am Samstag und Sonntag in El Alto in der \u00d6ffentlichkeit funktioniert Einweihungen.<\/p>\n<p>Morales ersetzte in diese Akten durch die bolivianische Vizepr\u00e4sident \u00c1lvaro Garc\u00eda Linera, der versicherte den Krankenhausaufenthalt von Morales war nur f\u00fcr \u00e4rztliche Routineuntersuchungen, aber auch gesagt, dass der Agent im \u00dcberma\u00df funktioniert.<\/p>\n<p>&#8220;Wie die Sonne (moralischen) geht von einer auf einen anderen und die den K\u00f6rper Seite nicht h\u00e4lt.&#8221; &#8220;Sechs Jahre des Lebens sind also der Pr\u00e4sident, Tempo seit 22. Januar 2006 bisher und jede Maschine hat seine Probleme&#8221;, sagte Vice President.<\/p>\n<p>&#8220;Ist seine Gesundheit stabil, ohne \u00c4nderungen.&#8221; &#8220;Ist sehr gut Gesundheit&#8221;, versichert die Pulmonologist Mauricio Garc\u00eda Linera, Bruder des Vizepr\u00e4sidenten, entsprechend der Agentur offizielle ABI.<\/p>\n<p>Der medizinische Teil erlaubt Morales &#8220;zur\u00fcck in ihre Routine&#8221;, einschlie\u00dflich ihrer Arbeitszeit von bis zu 15 Stunden und seine h\u00e4ufige sportliche Aktivit\u00e4ten nach 24 Stunden in der Privatklinik Los Olivos, wo Sie bereits auf seinem linken Knie 2010 betrieben wurde.<\/p>\n<p>Der Vizepr\u00e4sident berichtet, dass Morales Sonntag bei seiner privaten Cochabamba Hause ruhte.<\/p>\n<p>Vertreter wurde gepr\u00fcft von Spezialisten, die Tat Kontrollen von Blutdruck, EKG und Laboranalysen, woraufhin er nur &#8220;betreuen ihre Ern\u00e4hrung&#8221; empfohlen und Regularisierung Mahlzeiten Stunden.<\/p>\n<p>&#8220;Ist eine ganz normale Frage.&#8221; Er ist einen sehr guten Gesundheit, genie\u00dfen, wie immer ein Witz. &#8220;Ja, ist in sehr gutem Zustand&#8221;, erkl\u00e4rt der Pulmonologist Garc\u00eda Linera, und f\u00fcgte hinzu, dass Morales Fu\u00dfball, seinen Lieblingssport weiterspielen k\u00f6nnen.<\/p>\n","protected":false},"excerpt":{"rendered":"<p>Frieden, 5 M\u00e4r (EFE).-bolivianischen Pr\u00e4sidenten, Evo Morales, nahm seine Aktivit\u00e4ten der Regierung nach der hospitalisierten Samstag und Sonntag im \u00fcbrigen offizielle Quellen berichtet heute. Der Herrscher von 52 Jahren, begann des Tages um 0360 Ortszeit (GMT 1000) mit einem Treffen mit den Mitarbeitern der Streitkr\u00e4fte, die Pr\u00e4sidentenpalast Quellen berichtete EfE. Sp\u00e4ter es die Unterzeichnung eines [&hellip;]<\/p>\n","protected":false},"author":1,"featured_media":0,"comment_status":"close","ping_status":"open","sticky":false,"template":"","format":"standard","meta":{"footnotes":""},"categories":[3],"tags":[12598,12599,12600],"class_list":["post-3962","post","type-post","status-publish","format-standard","hentry","category-allgemeine","tag-institutionelle","tag-krankenhaus-tag","tag-ruhe","et-doesnt-have-format-content","et_post_format-et-post-format-standard"],"_links":{"self":[{"href":"https:\/\/www.best-dentist-dentistry.com\/de\/wp-json\/wp\/v2\/posts\/3962","targetHints":{"allow":["GET"]}}],"collection":[{"href":"https:\/\/www.best-dentist-dentistry.com\/de\/wp-json\/wp\/v2\/posts"}],"about":[{"href":"https:\/\/www.best-dentist-dentistry.com\/de\/wp-json\/wp\/v2\/types\/post"}],"author":[{"embeddable":true,"href":"https:\/\/www.best-dentist-dentistry.com\/de\/wp-json\/wp\/v2\/users\/1"}],"replies":[{"embeddable":true,"href":"https:\/\/www.best-dentist-dentistry.com\/de\/wp-json\/wp\/v2\/comments?post=3962"}],"version-history":[{"count":0,"href":"https:\/\/www.best-dentist-dentistry.com\/de\/wp-json\/wp\/v2\/posts\/3962\/revisions"}],"wp:attachment":[{"href":"https:\/\/www.best-dentist-dentistry.com\/de\/wp-json\/wp\/v2\/media?parent=3962"}],"wp:term":[{"taxonomy":"category","embeddable":true,"href":"https:\/\/www.best-dentist-dentistry.com\/de\/wp-json\/wp\/v2\/categories?post=3962"},{"taxonomy":"post_tag","embeddable":true,"href":"https:\/\/www.best-dentist-dentistry.com\/de\/wp-json\/wp\/v2\/tags?post=3962"}],"curies":[{"name":"wp","href":"https:\/\/api.w.org\/{rel}","templated":true}]}}