{"id":39714,"date":"2014-04-23T02:52:06","date_gmt":"2014-04-23T02:52:06","guid":{"rendered":null},"modified":"-0001-11-30T00:00:00","modified_gmt":"-0001-11-30T00:00:00","slug":"murcia-proposes-that-exceptions-there-are-to-chronically-ill-in-the-text-that-regulates-assistance-to-uninsured","status":"publish","type":"post","link":"https:\/\/www.best-dentist-dentistry.com\/de\/murcia-proposes-that-exceptions-there-are-to-chronically-ill-in-the-text-that-regulates-assistance-to-uninsured\/39714","title":{"rendered":"Murcia schl\u00e4gt vor, dass es Ausnahmen zu sind chronisch Kranke in den Text, der Hilfe f\u00fcr unversicherten regelt"},"content":{"rendered":"<p class=\"first\"> MURCIA, 8 (EUROPA PRESS)<\/p>\n<p>Der Minister f\u00fcr Gesundheit und Sozialpolitik, Murcia, Mar\u00eda \u00c1ngeles Palacios, entschied sich Dienstag f\u00fcr die Anhebung der Zentralregierung &#8220;Ausnahmen&#8221; f\u00fcr chronisch Kranke, so dass sie nicht aus den Entwurf einer Ordnung abzielt, Zugang zu medizinischer Versorgung f\u00fcr Menschen zu regulieren, die nicht \u00fcber den Status des Versicherten oder Beg\u00fcnstigten im nationalen Gesundheitssystem erhalten.<\/p>\n<p>Pal\u00e4ste zum Beispiel zitiert F\u00e4lle von chronisch kranken Patienten mit Nierenversagen, Krebs oder AIDS, wenn man bedenkt, dass &rsquo;&rsquo; alle Logik lassen nicht mitten in einem Prozess, wenn sie eine Behandlung dieser Art ist &#8220;, hei\u00dft es. &#8220;sie m\u00f6glicherweise nicht auf halbem Wege da Gesetzgebung kommt, weiterhin erhalten und sie t\u00f6ten m\u00fcssen wird&#8221;, sagte sich.<\/p>\n<p>Ist das Ministerium f\u00fcr Gesundheit, soziale Dienste und Gleichheit und die autonomen Gemeinschaften studieren eine M\u00f6glichkeit, die Immigranten ohne Papiere, die vom n\u00e4chsten September 1 ohne Krankenversicherung bleiben werden, bezahlt es im Gesundheitswesen durch Vereinbarungen erhalten.<\/p>\n<p>Nach Gesundheit, ist die Entwicklung des K\u00f6niglichen Dekrets zur Regelung des Status des Versicherten und beg\u00fcnstigten Zwecken der Gesundheitsversorgung in Spanien, ver\u00f6ffentlicht im Amtsblatt am 4. Diese Regel legt fest, dass Personen, die nicht den Zustand des Versicherten oder Beg\u00fcnstigten des Systems erf\u00fcllen spezielle Gesundheitswesen Konventionen formalisiert werden.<\/p>\n<p>Palacios sagte, der Vorschlag, die geschickt von der Zentralregierung ist ein &#8220;erster Entwurf&#8221;, und dass die autonomen Gemeinschaften haben den Rest des Monats August, \u00c4nderungen an den Standard zu betrachten.<\/p>\n<p>Berater darauf hingewiesen, dass der &#8220;umstrittenste&#8221; Punkt scheint &#8220;konzentriert sich auf diese Art von Sondervereinbarungen entwickelt werden m\u00fcssten und dass man nat\u00fcrlich annehmen, dass sie f\u00fcr das ganze Land sein sollten&#8221;.<\/p>\n<p>Der regionalen Regierung Interesse besteht darin, dass jede Gemeinde &#8220;kann die besonderen Umst\u00e4nde k\u00f6nnen, aber viele von ihnen werden in anderen wiederholt&#8221;.<\/p>\n<p>&#8220;<\/p>\n<p>Nach Palacios, das Ziel ist, diese Besonderheiten sind in diese Entwicklung des Dekrets gesammelt, und dass daher diese besonderen Konventionen f\u00fcr ganz Spanien, identisch sind und, dass wir arbeiten sind&#8221;.<\/p>\n<p>Berater darauf hingewiesen, dieses Thema &#8220;hatte es in der Verordnung von Ma\u00dfnahmen, die durch das Ministerium \u00dcbereinstimmung mit s\u00e4mtlichen der Gemeinschaften zu entwickeln und sie fehlten, bestimmte Punkte an die Zusicherung zu entwickeln&#8221;.<\/p>\n<p>Im Moment, Palacios hat best\u00e4tigt, dass &#8220;Es ist ein Entwurf der arbeitet im Ministerium und beziehen sich auf die Gemeinden, ihre Vorschl\u00e4ge, um es in k\u00fcrzester Zeit auf die Entwicklung der diese Zusicherung zu machen&#8221;.<\/p>\n","protected":false},"excerpt":{"rendered":"<p>MURCIA, 8 (EUROPA PRESS) Der Minister f\u00fcr Gesundheit und Sozialpolitik, Murcia, Mar\u00eda \u00c1ngeles Palacios, entschied sich Dienstag f\u00fcr die Anhebung der Zentralregierung &#8220;Ausnahmen&#8221; f\u00fcr chronisch Kranke, so dass sie nicht aus den Entwurf einer Ordnung abzielt, Zugang zu medizinischer Versorgung f\u00fcr Menschen zu regulieren, die nicht \u00fcber den Status des Versicherten oder Beg\u00fcnstigten im nationalen [&hellip;]<\/p>\n","protected":false},"author":1,"featured_media":0,"comment_status":"close","ping_status":"open","sticky":false,"template":"","format":"standard","meta":{"footnotes":""},"categories":[3],"tags":[48012],"class_list":["post-39714","post","type-post","status-publish","format-standard","hentry","category-allgemeine","tag-asebio","et-doesnt-have-format-content","et_post_format-et-post-format-standard"],"_links":{"self":[{"href":"https:\/\/www.best-dentist-dentistry.com\/de\/wp-json\/wp\/v2\/posts\/39714","targetHints":{"allow":["GET"]}}],"collection":[{"href":"https:\/\/www.best-dentist-dentistry.com\/de\/wp-json\/wp\/v2\/posts"}],"about":[{"href":"https:\/\/www.best-dentist-dentistry.com\/de\/wp-json\/wp\/v2\/types\/post"}],"author":[{"embeddable":true,"href":"https:\/\/www.best-dentist-dentistry.com\/de\/wp-json\/wp\/v2\/users\/1"}],"replies":[{"embeddable":true,"href":"https:\/\/www.best-dentist-dentistry.com\/de\/wp-json\/wp\/v2\/comments?post=39714"}],"version-history":[{"count":0,"href":"https:\/\/www.best-dentist-dentistry.com\/de\/wp-json\/wp\/v2\/posts\/39714\/revisions"}],"wp:attachment":[{"href":"https:\/\/www.best-dentist-dentistry.com\/de\/wp-json\/wp\/v2\/media?parent=39714"}],"wp:term":[{"taxonomy":"category","embeddable":true,"href":"https:\/\/www.best-dentist-dentistry.com\/de\/wp-json\/wp\/v2\/categories?post=39714"},{"taxonomy":"post_tag","embeddable":true,"href":"https:\/\/www.best-dentist-dentistry.com\/de\/wp-json\/wp\/v2\/tags?post=39714"}],"curies":[{"name":"wp","href":"https:\/\/api.w.org\/{rel}","templated":true}]}}