{"id":39790,"date":"2014-04-23T03:03:24","date_gmt":"2014-04-23T03:03:24","guid":{"rendered":null},"modified":"-0001-11-30T00:00:00","modified_gmt":"-0001-11-30T00:00:00","slug":"affected-claim-an-alzheimers-patient-centric-policy","status":"publish","type":"post","link":"https:\/\/www.best-dentist-dentistry.com\/de\/affected-claim-an-alzheimers-patient-centric-policy\/39790","title":{"rendered":"affected claim an alzheimers patient centric policy"},"content":{"rendered":"<p class=\"first\"> Madrid, 18 Sep (EFE).-La Confederaci\u00f3n Espa\u00f1ola de Asociaciones de Familiares von Menschen mit Alzheimer-Krankheit (CEAFA) hat heute behauptet, die Regierung verfolgte eine Politik der Zustand von Alzheimer, Konzentration auf die Kranken und nicht die Krankheit, &#8220;so bald wie m\u00f6glich&#8221; und hat gebeten, dass die Krise ihre Umsetzung nicht im Gange auswirkt.<\/p>\n<p>Dies ist eine der Forderungen dieser Organisation anl\u00e4sslich der Feier am n\u00e4chsten Tag 21 der ganzen Tag von der Alzheimer-Krankheit, eine Neurodegenerative Krankheit fortschreitet, die sie in Spanien 800.000 bis 1 Million Menschen, w\u00e4hrend es 3,5 bis 5 Millionen sind leiden betroffen und, nach verschiedenen Sch\u00e4tzungen, einige Zahlen, die in 20 Jahren verdoppeln werden.<\/p>\n<p>J\u00e4hrlichen Kosten, die der Krankheit betr\u00e4gt 24 Milliarden Euro, 1,5 % des BIP, impliziert wurde hervorgehobenen CEAFA, Hueros Arseni, Pr\u00e4sident bei der Pr\u00e4sentation der dahin Gedenk.<\/p>\n<p>Sagte die Zusage der Regierung, &#8220;auch in schwierigen Situationen&#8221;, das sich seinerseits, der Generaldirektor von IMSERSO, Cesar Ant\u00f3n Beltr\u00e1n, sitzen neben den Angeh\u00f6rigen und dem Patienten, und hat sich auf gest\u00fctzt, die &#8220;Es wird immer eine Zeit besser&#8221;.<\/p>\n<p>Anton Beltran gilt, dass staatliche Verweis des Salamanca Alzheimer Center der ideale Ausgangspunkt, um die Staatspolitik zu koordinieren, die den betroffenen behaupten sein k\u00f6nnte.<\/p>\n<p>Arseni Hueros bat, dass zwar Richtlinien des Staates, die \u00fcber die Pl\u00e4ne oder Strategien hinausgehen muss, nicht in Betrieb sind muss die Regierung verbessern und f\u00f6rdern die Abh\u00e4ngigkeit Act.<\/p>\n<p>In diesem Zusammenhang verantwortlich f\u00fcr IMSERSO darauf bestanden hat, dass die wirtschaftliche Situation sehr kompliziert ist, aber sicherte sich versucht in das Gesetz voraus, so dass zun\u00e4chst die Bed\u00fcrftigen gesorgt werden.<\/p>\n<p>Eingedenk dessen, dass die sozialistische Regierung, die sie mit einer &#8220;legacy&#8221; von 305.000 Angeh\u00f6rige (57 % von ihnen gro\u00dfe oder schwere) ohne Hilfe gelassen, Anton Beltran markiert heute, 22 % von ihnen sind bereits gedient.<\/p>\n<p>Hat sein Engagement f\u00fcr das Gesetz durch die rationelle Nutzung der Ressourcen weiter zu entwickeln und um zu helfen, die es am dringendsten brauchen ge\u00e4u\u00dfert.<\/p>\n<p>CEAFA Pr\u00e4sident hat au\u00dferdem gebeten, die Vermeidung von territorialen Ungleichgewichte &#8220;tun es satt gibt Alzheimer&rsquo;s erste und zweite&#8221;.<\/p>\n<p>Auch gebeten, erweitern das Portfolio des Gesundheitswesens geh\u00f6ren nicht-pharmakologischen Therapien, &#8220;die k\u00f6nnen Verz\u00f6gerung bis zu zwei Jahren des Eintrags des Patienten im Gesundheitswesen&#8221; und Erh\u00f6hung der Forschung.<\/p>\n<p>Huero darauf hingewiesen, dass die Verb\u00e4nde der Familienmitglieder rund 1 Million betroffen besuchen, sondern mit der Krise der assoziative Rahmen in Gefahr, ist &#8220;weil wir die \u00f6ffentlichen Verwaltungen und privaten Institutionen arbeiten abh\u00e4ngen&#8221;.<\/p>\n<p>&#8220;Anruf, die Anpassungen, die unseres notwendig sind Erachtens, nicht auf die am st\u00e4rksten zutreffen in Not so, dass sie sich die letzte getrimmt werden&#8221;, sagte.<\/p>\n<p>In diesem Sinne hat das Beispiel von 100 Gramm Schinken vor nie fehlt an H\u00e4usern f\u00fcr den Gro\u00dfvater oder das Kind, das krank war gesetzt. &#8220;Nie abgeschnitten werden,&#8221;.<\/p>\n<p>&#8220;Nr. angesehen werden kann, auf die andere Seite; Weder die Regierung noch die Gesellschaft&#8221;, hervorgehoben.<\/p>\n<p>Generaldirektor der IMSERSO hat Medizin und Forschung &#8220;kann mehr tun, was sie tun&#8221; und hat die Bedeutung der Fr\u00fcherkennung der Erkrankung beeinflusst.<\/p>\n<p>Arzt L\u00f3pez Rocha, der spanischen Gesellschaft der \u00c4rzte in der Grundversorgung (SEMERGEN), wies darauf hin, dass die Familie der erste Link erkennt Alzheimer und hat gesagt, dass bei den ersten Anzeichen des Alarms bei der Grundversorgung Arzt anrufen.<\/p>\n<p>Sagte, &#8220;Sollten nicht davon ausgehen, dass weil du alt bist Sie Dinge vergessen werden m\u00fcssen oder nicht Sex schon k\u00f6nnen,&#8221;.<\/p>\n","protected":false},"excerpt":{"rendered":"<p>Madrid, 18 Sep (EFE).-La Confederaci\u00f3n Espa\u00f1ola de Asociaciones de Familiares von Menschen mit Alzheimer-Krankheit (CEAFA) hat heute behauptet, die Regierung verfolgte eine Politik der Zustand von Alzheimer, Konzentration auf die Kranken und nicht die Krankheit, &#8220;so bald wie m\u00f6glich&#8221; und hat gebeten, dass die Krise ihre Umsetzung nicht im Gange auswirkt. Dies ist eine der [&hellip;]<\/p>\n","protected":false},"author":1,"featured_media":0,"comment_status":"close","ping_status":"open","sticky":false,"template":"","format":"standard","meta":{"footnotes":""},"categories":[3],"tags":[],"class_list":["post-39790","post","type-post","status-publish","format-standard","hentry","category-allgemeine","et-doesnt-have-format-content","et_post_format-et-post-format-standard"],"_links":{"self":[{"href":"https:\/\/www.best-dentist-dentistry.com\/de\/wp-json\/wp\/v2\/posts\/39790","targetHints":{"allow":["GET"]}}],"collection":[{"href":"https:\/\/www.best-dentist-dentistry.com\/de\/wp-json\/wp\/v2\/posts"}],"about":[{"href":"https:\/\/www.best-dentist-dentistry.com\/de\/wp-json\/wp\/v2\/types\/post"}],"author":[{"embeddable":true,"href":"https:\/\/www.best-dentist-dentistry.com\/de\/wp-json\/wp\/v2\/users\/1"}],"replies":[{"embeddable":true,"href":"https:\/\/www.best-dentist-dentistry.com\/de\/wp-json\/wp\/v2\/comments?post=39790"}],"version-history":[{"count":0,"href":"https:\/\/www.best-dentist-dentistry.com\/de\/wp-json\/wp\/v2\/posts\/39790\/revisions"}],"wp:attachment":[{"href":"https:\/\/www.best-dentist-dentistry.com\/de\/wp-json\/wp\/v2\/media?parent=39790"}],"wp:term":[{"taxonomy":"category","embeddable":true,"href":"https:\/\/www.best-dentist-dentistry.com\/de\/wp-json\/wp\/v2\/categories?post=39790"},{"taxonomy":"post_tag","embeddable":true,"href":"https:\/\/www.best-dentist-dentistry.com\/de\/wp-json\/wp\/v2\/tags?post=39790"}],"curies":[{"name":"wp","href":"https:\/\/api.w.org\/{rel}","templated":true}]}}