{"id":39836,"date":"2014-04-23T03:32:30","date_gmt":"2014-04-23T03:32:30","guid":{"rendered":null},"modified":"-0001-11-30T00:00:00","modified_gmt":"-0001-11-30T00:00:00","slug":"health-changes-with-the-rules-of-operation-of-the-dependence-and-disability-service-centres","status":"publish","type":"post","link":"https:\/\/www.best-dentist-dentistry.com\/de\/health-changes-with-the-rules-of-operation-of-the-dependence-and-disability-service-centres\/39836","title":{"rendered":"health changes with the rules of operation of the dependence and disability service centres"},"content":{"rendered":"<p class=\"first\"> die neue Verordnung, die im Januar in Kraft kommen Berichte, Rechtssicherheit und Flexibilit\u00e4t, ohne Beeintr\u00e4chtigung der Qualit\u00e4t der Pflege<\/p>\n<p>SANTANDER, 4 (EUROPA PRESS)<\/p>\n<p>The Ministerium f\u00fcr Gesundheit und soziale Dienste von der Regierung Kantabrien teilweise die Regelungen f\u00fcr Material und Funktionsanforderungen, die Zentren zu Abh\u00e4ngigkeit und Behinderung und das Akkreditierungssystem erf\u00fcllen muss, hat entsprechend der Verpflichtung, die er mit dem Sektor zur Verringerung der B\u00fcrokratie, Beseitigung von Steifigkeit und mehr Rechtssicherheit erworben hatte.<\/p>\n<p>Vizepr\u00e4sident und Minister f\u00fcr Gesundheit und soziale Dienste, Mar\u00eda Jos\u00e9 S\u00e1enz de Buruaga, pr\u00e4sentierte am Freitag das Schlussdokument an Vertreter des Vereins Kantabrischen Pflegeheime und Pflegedienste f\u00fcr \u00e4ltere (LARES), die Entit\u00e4ten Ausschuss aus Vertretern der Menschen mit Behinderungen von Kantabrien (CERMI) und der Kantabrischen Business Association Dienstleistungen f\u00fcr abh\u00e4ngige Menschen (ACESDE).<\/p>\n<p>\u00c4nderung, die in Kraft im Januar mit der Ver\u00f6ffentlichung im offiziellen Bulletin der Kantabrien (BOC) wird, ergibt sich aus den Vorschl\u00e4gen eine Arbeitsgruppe eingerichtet, im M\u00e4rz dieses Jahres von der regionalen Regierung mit Vertretern der Branche, die es die Dringlichkeit einer \u00dcberpr\u00fcfung der geltenden Vorschriften bewegt hatte.<\/p>\n<p>F\u00fcr ihre &#8220;Dispersion, Komplexit\u00e4t und fehlen&#8221; allgemeinen Kriterien der Auslegung und Anwendung wurde Generieren von einem &#8220;wichtigen Verschlei\u00df- und Rechtsunsicherheit&#8221; zum Nachteil des Betriebs-Zentren und sogar ihre Lebensf\u00e4higkeit.<\/p>\n<p>Bereich haben nun die Regeln, nach denen es &#8220;Gewissheit, Rationalit\u00e4t in die funktionalen Anforderungen und Flexibilit\u00e4t im Betrieb der Zentren, ohne Beeintr\u00e4chtigung der Qualit\u00e4t in der Erbringung der Dienstleistung&#8221;, betont die Regierung bringen wird.<\/p>\n<p>Dazu, \u00e4nderte die Reihenfolge der 27. August 2008, Materialien und funktionelle spezialisierte soziale Dienste-Zentren, und im 18. M\u00e4rz 2010 bestellen, Anforderungen, die die Kriterien und das Verfahren f\u00fcr die Akkreditierung von Zentren f\u00fcr Personen in Situationen der Abh\u00e4ngigkeit Versorgung festlegt.<\/p>\n<p>Die Grundz\u00fcge der \u00c4nderung<\/p>\n<p>Im Zusammenhang mit der Aktion zur \u00c4nderung der spezifischen Aspekte abzielen Zeiten f\u00fcr den Service auf die Bed\u00fcrfnisse der Zentren und Benutzer sowie mehr Flexibilit\u00e4t bei der Berechnung der Zeit der Akustiker direkt, ohne jede Verschlechterung der Servicequalit\u00e4t anzupassen.<\/p>\n<p>In Bezug auf Anforderungen an das Material, zur \u00c4nderung der bestehenden \u00dcbergangsregelung f\u00fcr diese Zentren, die waren bereits in Betrieb vor dem Inkrafttreten der Auftr\u00e4ge und ist flexibel, anzeigen und Krankenpflege Anforderungen service.<\/p>\n<p>Zus\u00e4tzlich zur \u00c4nderung der \u00dcbergangsregelung f\u00fcr die Akkreditierung der Zentren von Gew\u00e4hrung eines breiteren Begriffs total Anpassung, bis Dezember 2014 festgelegt.<\/p>\n<p>Der Vize-Pr\u00e4sident und Minister f\u00fcr Gesundheit und soziale Dienste, Mar\u00eda Jos\u00e9 S\u00e1enz de Buruaga, hat betont, da\u00df es eine \u00c4nderung &#8220;besa\u00df, keine eingef\u00fchrt, die aus der Summe der Beitr\u00e4ge und der Interessenausgleich&#8221;.<\/p>\n<p>&#8220;Wer es w\u00fcnscht, hat die M\u00f6glichkeit hatte, geh\u00f6rt zu werden, teilzunehmen und einen Beitrag leisten&#8221;, sagte er. Nach S\u00e1enz de Buruaga, ist auch eine \u00c4nderung &#8220;ausgewogene und vern\u00fcnftige, deren Geist und Philosophie ist geteilt und von allen akzeptiert&#8221;.<\/p>\n<p>Mit den Regeln ist auch &#8220;vor\u00fcbergehende und erf\u00fcllt mit dem Ziel zusammenzuarbeiten, Nachhaltigkeit und Gleichgewicht des Systems in einem komplexen Moment, in dem alle Parteien Kr\u00e4fte b\u00fcndeln m\u00fcssen&#8221;.<\/p>\n<p>In der Tat, die Gruppe bleibt aktiv, um den Entwurf f\u00fcr eine Neuregelung der Akkreditierung, die nicht die vorherige, brechen und sogar ein neues Modell der sozialen Dienstleistungen eignet sich f\u00fcr die Bed\u00fcrfnisse der Unterst\u00fctzung f\u00fcr Menschen mit Behinderungen, nachhaltige und ergebnisorientierte Medium-Strafzeit vorzunehmen<\/p>\n","protected":false},"excerpt":{"rendered":"<p>die neue Verordnung, die im Januar in Kraft kommen Berichte, Rechtssicherheit und Flexibilit\u00e4t, ohne Beeintr\u00e4chtigung der Qualit\u00e4t der Pflege SANTANDER, 4 (EUROPA PRESS) The Ministerium f\u00fcr Gesundheit und soziale Dienste von der Regierung Kantabrien teilweise die Regelungen f\u00fcr Material und Funktionsanforderungen, die Zentren zu Abh\u00e4ngigkeit und Behinderung und das Akkreditierungssystem erf\u00fcllen muss, hat entsprechend der [&hellip;]<\/p>\n","protected":false},"author":1,"featured_media":0,"comment_status":"close","ping_status":"open","sticky":false,"template":"","format":"standard","meta":{"footnotes":""},"categories":[3],"tags":[48102],"class_list":["post-39836","post","type-post","status-publish","format-standard","hentry","category-allgemeine","tag-sport-figuren","et-doesnt-have-format-content","et_post_format-et-post-format-standard"],"_links":{"self":[{"href":"https:\/\/www.best-dentist-dentistry.com\/de\/wp-json\/wp\/v2\/posts\/39836","targetHints":{"allow":["GET"]}}],"collection":[{"href":"https:\/\/www.best-dentist-dentistry.com\/de\/wp-json\/wp\/v2\/posts"}],"about":[{"href":"https:\/\/www.best-dentist-dentistry.com\/de\/wp-json\/wp\/v2\/types\/post"}],"author":[{"embeddable":true,"href":"https:\/\/www.best-dentist-dentistry.com\/de\/wp-json\/wp\/v2\/users\/1"}],"replies":[{"embeddable":true,"href":"https:\/\/www.best-dentist-dentistry.com\/de\/wp-json\/wp\/v2\/comments?post=39836"}],"version-history":[{"count":0,"href":"https:\/\/www.best-dentist-dentistry.com\/de\/wp-json\/wp\/v2\/posts\/39836\/revisions"}],"wp:attachment":[{"href":"https:\/\/www.best-dentist-dentistry.com\/de\/wp-json\/wp\/v2\/media?parent=39836"}],"wp:term":[{"taxonomy":"category","embeddable":true,"href":"https:\/\/www.best-dentist-dentistry.com\/de\/wp-json\/wp\/v2\/categories?post=39836"},{"taxonomy":"post_tag","embeddable":true,"href":"https:\/\/www.best-dentist-dentistry.com\/de\/wp-json\/wp\/v2\/tags?post=39836"}],"curies":[{"name":"wp","href":"https:\/\/api.w.org\/{rel}","templated":true}]}}