{"id":39851,"date":"2014-04-23T03:34:44","date_gmt":"2014-04-23T03:34:44","guid":{"rendered":null},"modified":"-0001-11-30T00:00:00","modified_gmt":"-0001-11-30T00:00:00","slug":"Mato-sicher-alle-Castilla-La-Mancha-haben-Zugang-zu-besserer-Gesundheit","status":"publish","type":"post","link":"https:\/\/www.best-dentist-dentistry.com\/de\/Mato-sicher-alle-Castilla-La-Mancha-haben-Zugang-zu-besserer-Gesundheit\/39851","title":{"rendered":"Mato, sicher alle Castilla   La Mancha haben Zugang zu besserer Gesundheit"},"content":{"rendered":"<p class=\"first\"> Madrid, 15 Jan (EFE).-der Minister f\u00fcr Gesundheit, Ana Mato, sagte heute, dass es &#8220;absolut sicher&#8221; ist, dass alle B\u00fcrger von Kastilien &#8211; La Mancha und alle Gemeinden der Region &#8220;auf bessere Gesundheitsversorgung, auch f\u00fcr Dringlichkeiten&#8221; zugreifen k\u00f6nnen.<\/p>\n<p>So Mato beantwortet Fragen von Reportern in den Senat \u00fcber die enge des Dienstes Abend Ausnahmezustand in 21 Gemeinden der autonomen.<\/p>\n<p>Obwohl darauf hingewiesen, dass er sagt &rsquo;never&rsquo; Entscheidungen, die die Gemeinschaften nehmen, in diesem Fall wollte &#8220;sicher&#8221; und zeigen seine \u00dcberzeugung, dass Leckereres B\u00fcrger erhalten die &#8220;beste&#8221; medizinische Versorgung, einschlie\u00dflich Notaufnahme.<\/p>\n<p>Die Vorsitzenden dieser Gemeinschaft und Generalsekret\u00e4r der PP, Mar\u00eda Dolores de Cospedal, erkl\u00e4rte heute Morgen, dass die 21 Gemeinden der Gemeinschaft von der Schlie\u00dfung des Dienstes Notfall Nacht betroffenen eine &#8220;sehr kleine&#8221; Bev\u00f6lkerung haben und von dieser gleiche Service bis zu einer Entfernung von f\u00fcnfzehn Minuten profitieren.<\/p>\n","protected":false},"excerpt":{"rendered":"<p>Madrid, 15 Jan (EFE).-der Minister f\u00fcr Gesundheit, Ana Mato, sagte heute, dass es &#8220;absolut sicher&#8221; ist, dass alle B\u00fcrger von Kastilien &#8211; La Mancha und alle Gemeinden der Region &#8220;auf bessere Gesundheitsversorgung, auch f\u00fcr Dringlichkeiten&#8221; zugreifen k\u00f6nnen. So Mato beantwortet Fragen von Reportern in den Senat \u00fcber die enge des Dienstes Abend Ausnahmezustand in 21 [&hellip;]<\/p>\n","protected":false},"author":1,"featured_media":0,"comment_status":"close","ping_status":"open","sticky":false,"template":"","format":"standard","meta":{"footnotes":""},"categories":[3],"tags":[48116,48115],"class_list":["post-39851","post","type-post","status-publish","format-standard","hentry","category-allgemeine","tag-besserer","tag-suspendierung","et-doesnt-have-format-content","et_post_format-et-post-format-standard"],"_links":{"self":[{"href":"https:\/\/www.best-dentist-dentistry.com\/de\/wp-json\/wp\/v2\/posts\/39851","targetHints":{"allow":["GET"]}}],"collection":[{"href":"https:\/\/www.best-dentist-dentistry.com\/de\/wp-json\/wp\/v2\/posts"}],"about":[{"href":"https:\/\/www.best-dentist-dentistry.com\/de\/wp-json\/wp\/v2\/types\/post"}],"author":[{"embeddable":true,"href":"https:\/\/www.best-dentist-dentistry.com\/de\/wp-json\/wp\/v2\/users\/1"}],"replies":[{"embeddable":true,"href":"https:\/\/www.best-dentist-dentistry.com\/de\/wp-json\/wp\/v2\/comments?post=39851"}],"version-history":[{"count":0,"href":"https:\/\/www.best-dentist-dentistry.com\/de\/wp-json\/wp\/v2\/posts\/39851\/revisions"}],"wp:attachment":[{"href":"https:\/\/www.best-dentist-dentistry.com\/de\/wp-json\/wp\/v2\/media?parent=39851"}],"wp:term":[{"taxonomy":"category","embeddable":true,"href":"https:\/\/www.best-dentist-dentistry.com\/de\/wp-json\/wp\/v2\/categories?post=39851"},{"taxonomy":"post_tag","embeddable":true,"href":"https:\/\/www.best-dentist-dentistry.com\/de\/wp-json\/wp\/v2\/tags?post=39851"}],"curies":[{"name":"wp","href":"https:\/\/api.w.org\/{rel}","templated":true}]}}