{"id":39886,"date":"2014-04-23T04:17:08","date_gmt":"2014-04-23T04:17:08","guid":{"rendered":null},"modified":"-0001-11-30T00:00:00","modified_gmt":"-0001-11-30T00:00:00","slug":"the-parliament-of-navarre-personara-in-defense-of-the-foral-law-of-health-care-before-the-appeal-of-the-government","status":"publish","type":"post","link":"https:\/\/www.best-dentist-dentistry.com\/de\/the-parliament-of-navarre-personara-in-defense-of-the-foral-law-of-health-care-before-the-appeal-of-the-government\/39886","title":{"rendered":"the parliament of navarre personara in defense of the foral law of health care before the appeal of the government"},"content":{"rendered":"<p>&lt;!-Google_ad_section_start&#8211;> <\/p>\n<p class=\"first\"> PAMPLONA, 7 (EUROPA PRESS)<\/p>\n<p>der Vorstand der Sprecher des Parlaments von Navarra hat vereinbart, dass die foral Kamera-Leute in der Verteidigung das foral Gesetz in der Berufung der Verfassungswidrigkeit, gef\u00f6rdert von der Zentralregierung gegen den provinziellen Standard die Bewohner von Navarra, die Anerkennung des Rechts der Zugriff auf kostenlose Gesundheitsversorgung f\u00fcr das \u00f6ffentliche Gesundheitswesen in der foral Gemeinschaft.<\/p>\n<p>Stimmten die Vertreter der UPN, PSN, Bildu, Aralar-dt. e impliziert, w\u00e4hrend es gegen die PPN gestimmt hat. Die Vereinbarung des Vorstands der Sprecher im Hinblick auf die Ressource und eine Anfrage von der Sozialdemokratischen Fraktion schl\u00e4gt die Darstellung der Ressource in der Verteidigung der foral Gesetz des Parlaments von Navarra angenommen wurde.<\/p>\n<p>Genehmigt auch eine institutionelle Erkl\u00e4rung, dass das Parlament seinen Willen, dass zeigt die foral Regierung Persone in den Reiz der Verfassungsklage gegen das Gesetz. Es genehmigt wurde, mit der Gegenstimme zu Gunsten PSN, Bildu, Aralar-dt. e IE und UPN und PPN.<\/p>\n<p>Gem\u00e4\u00df dem genehmigten Text der Gesetzgeber zeigt seinen Willen, die Navarro Executive auch Persone in der Ressource &#8220;in Defense of dieses Gesetz Navarra in der Verteidigung von Navarra Kompetenzen im Gesundheitswesen, in der Verteidigung der Selbstverwaltung und in der Verteidigung das Recht aller Menschen auf eine universelle und freie Gesundheit weiter als der Rechtslage&#8221;.<\/p>\n<p>In Erkl\u00e4rungen f\u00fcr die Medien, hat der Sprecher UPN, Carlos Garc\u00eda Adanero, darauf hingewiesen, dass es &#8220;normal&#8221; f\u00fcr das Parlament, die Gesetze zu verteidigen, die genehmigt wurden und darauf hingewiesen, dass die provinzielle Executive &#8220;auch angek\u00fcndigt, dass es nicht nach der Ressource&#8221;. &#8220;Es schien, wie eines der Gesetze, die nicht durch die Regierung von Spanien gegen Berufung eingelegt haben sollte und ist die Verteidigung der gleichen&#8221;, bereits von.<\/p>\n<p>Ihrerseits die sozialistischen Juan Jos\u00e9 Lizarbe hat darauf hingewiesen, dass das Landesgesetz ist eine &#8220;Frage der Gerechtigkeit, der Solidarit\u00e4t und der gesunde Menschenverstand&#8221;. angegeben &#8220;Wir hoffen, da\u00df das Verfassungsgericht empfindlich auf diese Fragen und die meisten der Navarra-Gesellschaft und auch der spanischen Gesellschaft ist empfindlich,&#8221;.<\/p>\n<p>Von Bildu, Bakartxo Ruiz hat das Parlament gesch\u00e4tzt sind Menschen und hat verlangt, dass die Regierung &#8220;nicht nur um Navarra Gesundheit Wettbewerb zu verteidigen, sondern auch um das foral Gesetz genehmigt von der Kammer, die Interessen aller B\u00fcrger und ihre Gesundheitsvorsorge zu verteidigen&#8221; tut.<\/p>\n<p>Der parlamentarischen Aralar-dt. Asun Fern\u00e1ndez de Garaialde Frankreich bittet die Landesregierung auch Persone in der Ressourcen- und &#8220;tun Sie so, in der Verteidigung des Gesetzes von Navarra, Selbstverwaltung Kr\u00e4fte und in der Verteidigung des Rechts aller Personen zu einer universellen und freie Gesundheit&#8221;.<\/p>\n<p>IE Jos\u00e9 Miguel House Parlamentarier hat gesch\u00e4tzt, dass die Kammer &#8220;verteidigt das foral Gesetz und \u00f6ffentliche Gesundheit ist nicht universell, kann eingeschr\u00e4nkten Zugang zu \u00f6ffentlichen \u00c4mtern&#8221;. &#8220;Beschr\u00e4nkung zersplitterte Gesellschaft und sehr schwere Sch\u00e4den, den sozialen Zusammenhalt und auf das wesentliche Minimum einer Wohlstandsgesellschaft zu tun ist&#8221;, sagte.<\/p>\n<p>&lt;!-Google_ad_section_end&#8211;><\/p>\n","protected":false},"excerpt":{"rendered":"<p>&lt;!-Google_ad_section_start&#8211;> PAMPLONA, 7 (EUROPA PRESS) der Vorstand der Sprecher des Parlaments von Navarra hat vereinbart, dass die foral Kamera-Leute in der Verteidigung das foral Gesetz in der Berufung der Verfassungswidrigkeit, gef\u00f6rdert von der Zentralregierung gegen den provinziellen Standard die Bewohner von Navarra, die Anerkennung des Rechts der Zugriff auf kostenlose Gesundheitsversorgung f\u00fcr das \u00f6ffentliche Gesundheitswesen [&hellip;]<\/p>\n","protected":false},"author":1,"featured_media":0,"comment_status":"close","ping_status":"open","sticky":false,"template":"","format":"standard","meta":{"footnotes":""},"categories":[3],"tags":[],"class_list":["post-39886","post","type-post","status-publish","format-standard","hentry","category-allgemeine","et-doesnt-have-format-content","et_post_format-et-post-format-standard"],"_links":{"self":[{"href":"https:\/\/www.best-dentist-dentistry.com\/de\/wp-json\/wp\/v2\/posts\/39886","targetHints":{"allow":["GET"]}}],"collection":[{"href":"https:\/\/www.best-dentist-dentistry.com\/de\/wp-json\/wp\/v2\/posts"}],"about":[{"href":"https:\/\/www.best-dentist-dentistry.com\/de\/wp-json\/wp\/v2\/types\/post"}],"author":[{"embeddable":true,"href":"https:\/\/www.best-dentist-dentistry.com\/de\/wp-json\/wp\/v2\/users\/1"}],"replies":[{"embeddable":true,"href":"https:\/\/www.best-dentist-dentistry.com\/de\/wp-json\/wp\/v2\/comments?post=39886"}],"version-history":[{"count":0,"href":"https:\/\/www.best-dentist-dentistry.com\/de\/wp-json\/wp\/v2\/posts\/39886\/revisions"}],"wp:attachment":[{"href":"https:\/\/www.best-dentist-dentistry.com\/de\/wp-json\/wp\/v2\/media?parent=39886"}],"wp:term":[{"taxonomy":"category","embeddable":true,"href":"https:\/\/www.best-dentist-dentistry.com\/de\/wp-json\/wp\/v2\/categories?post=39886"},{"taxonomy":"post_tag","embeddable":true,"href":"https:\/\/www.best-dentist-dentistry.com\/de\/wp-json\/wp\/v2\/tags?post=39886"}],"curies":[{"name":"wp","href":"https:\/\/api.w.org\/{rel}","templated":true}]}}