{"id":40093,"date":"2014-04-26T03:33:11","date_gmt":"2014-04-26T03:33:11","guid":{"rendered":null},"modified":"-0001-11-30T00:00:00","modified_gmt":"-0001-11-30T00:00:00","slug":"the-first-year-valencia-was-born-in-gandia-one-minute-after-midnight","status":"publish","type":"post","link":"https:\/\/www.best-dentist-dentistry.com\/de\/the-first-year-valencia-was-born-in-gandia-one-minute-after-midnight\/40093","title":{"rendered":"Das erste Jahr Valencia Gandia eine Minute nach Mitternacht geboren"},"content":{"rendered":"<p class=\"first\"> Valencia, 1 Jan (EFE). &#8211; ein Kind Wer hat 1,8 kg wog und deren Vorname ist David war das erste Kind geboren im Jahr 2013 in einem \u00f6ffentlichen Krankenhaus in der Region von Valencia &#8211; eine Minute nach zw\u00f6lf &#8211; nach Angaben des Ministeriums f\u00fcr Gesundheit berichtet.<\/p>\n<p>Die Geburt von David, Sohn des spanischen Mutter, hat stattgefunden in dem Krankenhaus San Francisco de Borja de Gandia (Valencia) bis 00.01 Uhr, entsprechend den gleichen Quellen.<\/p>\n<p>In der Provinz Alicante, wurde das erste Baby der gekommen ist, um die Welt mit dem neuen Jahr ein weiteres Kind namens Amir, wer zu den 00.47 Stunden im Krankenhaus in Denia geboren worden. Es hat 3,8 Kilo gewogen und seine Mutter ist eine nat\u00fcrliche Frau von Marokko.<\/p>\n<p>Die erste, geboren in der Provinz Castell\u00f3n wurde ein M\u00e4dchen, Raihana, 2,9 Kilo, und wurde in das Krankenhaus von La Plana bis 01.45 Uhr, auch marokkanische Mutter Tochter geboren.<\/p>\n<p>Bis November dieses Jahres dort insgesamt 32,223 Geburten in der Region Valencia wurde, die in der Provinz Castell\u00f3n, 3.997 aufgetreten 15.146 in Valencia und 13.080 in Alicante, reflektieren eine 4,5 % Abnahme der Geburtenrate gegen\u00fcber dem Vorjahr.<\/p>\n","protected":false},"excerpt":{"rendered":"<p>Valencia, 1 Jan (EFE). &#8211; ein Kind Wer hat 1,8 kg wog und deren Vorname ist David war das erste Kind geboren im Jahr 2013 in einem \u00f6ffentlichen Krankenhaus in der Region von Valencia &#8211; eine Minute nach zw\u00f6lf &#8211; nach Angaben des Ministeriums f\u00fcr Gesundheit berichtet. Die Geburt von David, Sohn des spanischen Mutter, [&hellip;]<\/p>\n","protected":false},"author":1,"featured_media":0,"comment_status":"close","ping_status":"open","sticky":false,"template":"","format":"standard","meta":{"footnotes":""},"categories":[3],"tags":[48330,48329],"class_list":["post-40093","post","type-post","status-publish","format-standard","hentry","category-allgemeine","tag-gandia","tag-jahr-valencia","et-doesnt-have-format-content","et_post_format-et-post-format-standard"],"_links":{"self":[{"href":"https:\/\/www.best-dentist-dentistry.com\/de\/wp-json\/wp\/v2\/posts\/40093","targetHints":{"allow":["GET"]}}],"collection":[{"href":"https:\/\/www.best-dentist-dentistry.com\/de\/wp-json\/wp\/v2\/posts"}],"about":[{"href":"https:\/\/www.best-dentist-dentistry.com\/de\/wp-json\/wp\/v2\/types\/post"}],"author":[{"embeddable":true,"href":"https:\/\/www.best-dentist-dentistry.com\/de\/wp-json\/wp\/v2\/users\/1"}],"replies":[{"embeddable":true,"href":"https:\/\/www.best-dentist-dentistry.com\/de\/wp-json\/wp\/v2\/comments?post=40093"}],"version-history":[{"count":0,"href":"https:\/\/www.best-dentist-dentistry.com\/de\/wp-json\/wp\/v2\/posts\/40093\/revisions"}],"wp:attachment":[{"href":"https:\/\/www.best-dentist-dentistry.com\/de\/wp-json\/wp\/v2\/media?parent=40093"}],"wp:term":[{"taxonomy":"category","embeddable":true,"href":"https:\/\/www.best-dentist-dentistry.com\/de\/wp-json\/wp\/v2\/categories?post=40093"},{"taxonomy":"post_tag","embeddable":true,"href":"https:\/\/www.best-dentist-dentistry.com\/de\/wp-json\/wp\/v2\/tags?post=40093"}],"curies":[{"name":"wp","href":"https:\/\/api.w.org\/{rel}","templated":true}]}}