{"id":40110,"date":"2014-04-26T03:37:06","date_gmt":"2014-04-26T03:37:06","guid":{"rendered":null},"modified":"-0001-11-30T00:00:00","modified_gmt":"-0001-11-30T00:00:00","slug":"new-designers-relieved-lemoniez-and-fernandez-in-the-fashion-week-madrid","status":"publish","type":"post","link":"https:\/\/www.best-dentist-dentistry.com\/de\/new-designers-relieved-lemoniez-and-fernandez-in-the-fashion-week-madrid\/40110","title":{"rendered":"Neue Designer erleichtert Lemoniez und Fernandez in der Mode Woche Madrid"},"content":{"rendered":"<p class=\"first\"> Madrid, 22 Jan (EFE).-Fernando Lemoniez und Kina Fern\u00e1ndez werden die Ausf\u00e4lle der n\u00e4chsten Mercedes Benz Fashion Woche Madrid, die zwischen 18 bis 22 Februar stattfinden wird, die Sch\u00f6pfer-Veteranen geben Zeugnis f\u00fcr drei neue Designer: Daniel Rabaneda, Mois\u00e9s Nieto und Etxeberria.<\/p>\n<p>So dass es heute best\u00e4tigt hat, bei der Vorstellung der 57 Edition von Madrid-Laufsteg, die der Pr\u00e4sident der IFEMA, Luis Eduardo Cort\u00e9s, CEO, erschienen sind Ferm\u00edn Lucas; den Laufsteg, Leonor P\u00e9rez Pita, Direktor und Pr\u00e4sident des Verbandes der Sch\u00f6pfer der Mode (ACME), Modesto Lomba.<\/p>\n<p>Perez Pita hat hervorgehoben, dass in der gesamten Geschichte der Start-und Landebahn &#8220;mehr als 200&#8221; Designer vorgef\u00fchrt haben und es gab immer die &#8220;H\u00f6hen und tiefen&#8221;, die verwendet wurden, um eine &#8220;gr\u00f6\u00dfere Anzahl&#8221; von Jungtieren geh\u00f6ren.<\/p>\n<p>Cortes sagte Rentabilit\u00e4t, die \u00c4nderungen sind, da andernfalls g\u00e4be es eine &#8220;steinigen Unbeweglichkeit&#8221;.<\/p>\n<p>Lomba hat \u00fcberpr\u00fcft, dass die &#8220;Krise&#8221; nicht immer der Grund ist, warum ein Designer verwirft Parade in der Mode-Woche-Madrid und f\u00fcgte hinzu, dass es besorgniserregend w\u00e4re, wenn es das &#8220;verschwinden&#8221; der Marke impliziert.<\/p>\n<p>&#8220;Nr. hinzuf\u00fcgen Drama&#8221;, ist eine &#8220;pers\u00f6nliche Entscheidung&#8221; Gesicht der Wirtschafts-Zukunft in die andere Richtung, Lomba festgestellt, und hob hervor, dass die spanische Mode-Industrie steht die wirtschaftliche Situation mit &#8220;Arbeit&#8221; und versuchen, &#8220;jammern so wenig wie m\u00f6glich&#8221;.<\/p>\n<p>&#8220;Dieser Fashion Week baut \u00fcbermorgen denken und wie es geht, m\u00fcssen Projekte neu zu strukturieren. Gibt es mehr Anreize zu schaffen und das kreative Ergebnis zeigen auf dem Laufsteg &#8220;, erkl\u00e4rte der Pr\u00e4sident der ACME.<\/p>\n<p>Die neue \u00c4nderung der Termine f\u00fcr dieses Ereignis mit der Mode entsprechend dem &#8220;Bedarf&#8221;, vermittelt von den Designern etabliert hat aufgekl\u00e4rt Lomba.<\/p>\n<p>Am ersten Tag, 18 Feb., pr\u00e4sentieren ihre Kollektionen, Andr\u00e9s Sard\u00e1, Francis Montesinos, Hannibal Laguna, Miguel Palacio, Teresa Helbig, Ana Locking, Juana Mart\u00edn und Maya Hansen.<\/p>\n<p>Doppel-Parade der Rabaneda und Maria Barros, \u00f6ffnet sich das Programm des 19. Hinterher Ailanto, Roberto Torretta, Roberto Verino, Victorio &amp; Lucchino, Angel Schlesser und Signatur Juwelen Aristocrazy.<\/p>\n<p>Am February 20, doppelte Ion Fiz und Sara Coleman Parade beginnt am Tag, gefolgt von den Sammlungen des Davidelfin, Juanjo Oliva, AA Amaya Arzuaga, Duyos, Devota und Lomba und Agatha Ruiz De La Prada.<\/p>\n<p>Am selben Tag im Schlachthof, der S\u00e4ngerin und Model Bimba Bos\u00e9 werden verantwortlich f\u00fcr pr\u00e4sentiert einem neuen Konzept der Parade unter dem Titel Mahou st\u00e4dtische Sammlung, Erstellung und Pr\u00e4sentation in der soziale Netzwerke haben eine sehr aktive Beteiligung.<\/p>\n<p>21 offene Sita Murt, gefolgt von TCN, Paraden, doppelte Etxeberria und Mois\u00e9s Nieto, und Mar\u00eda Escot\u00e9 und Martin Lamothe. Die Parade der Pelz von Jes\u00fas Lorenzo und Miguel Marinero schlie\u00dft das Programm der gefeierten Sch\u00f6pfern.<\/p>\n<p>Am Freitag werden die Wende des EGO, in denen die Sammlungen von zehn jungen aufstrebenden Talente der spanischen Design pr\u00e4sentiert werden.<\/p>\n<p>Die n\u00e4chste Ausgabe der Fashion Week von Mercedes-Benz-Fashion umfasst unter seine Innovationen Forderung Talent, eine Auszeichnung, die die besten Designer EGO, hervorhebt, die sich International paradieren in einem anderen Land auf dieser gleichen Plattform f\u00f6rdern k\u00f6nnen.<\/p>\n<p>Nach halbiert, das Budget der Mercedes Benz Fashion Woche Madrid befindet sich rund 3 Millionen Euro im Jahr 2013 f\u00fcr jede Edition &#8211; statt zwei pro Jahr, &#8220;Obwohl es nicht genau ist&#8221;, sagte. 60 % Designern bieten es an Sponsoren, ein 35 IFEMA und die restlichen 5 %.<\/p>\n","protected":false},"excerpt":{"rendered":"<p>Madrid, 22 Jan (EFE).-Fernando Lemoniez und Kina Fern\u00e1ndez werden die Ausf\u00e4lle der n\u00e4chsten Mercedes Benz Fashion Woche Madrid, die zwischen 18 bis 22 Februar stattfinden wird, die Sch\u00f6pfer-Veteranen geben Zeugnis f\u00fcr drei neue Designer: Daniel Rabaneda, Mois\u00e9s Nieto und Etxeberria. So dass es heute best\u00e4tigt hat, bei der Vorstellung der 57 Edition von Madrid-Laufsteg, die [&hellip;]<\/p>\n","protected":false},"author":1,"featured_media":0,"comment_status":"close","ping_status":"open","sticky":false,"template":"","format":"standard","meta":{"footnotes":""},"categories":[3],"tags":[48347,48349,48348,48350,48346],"class_list":["post-40110","post","type-post","status-publish","format-standard","hentry","category-allgemeine","tag-designer","tag-fernandez","tag-lemoniez","tag-mode-woche-madrid","tag-soares","et-doesnt-have-format-content","et_post_format-et-post-format-standard"],"_links":{"self":[{"href":"https:\/\/www.best-dentist-dentistry.com\/de\/wp-json\/wp\/v2\/posts\/40110","targetHints":{"allow":["GET"]}}],"collection":[{"href":"https:\/\/www.best-dentist-dentistry.com\/de\/wp-json\/wp\/v2\/posts"}],"about":[{"href":"https:\/\/www.best-dentist-dentistry.com\/de\/wp-json\/wp\/v2\/types\/post"}],"author":[{"embeddable":true,"href":"https:\/\/www.best-dentist-dentistry.com\/de\/wp-json\/wp\/v2\/users\/1"}],"replies":[{"embeddable":true,"href":"https:\/\/www.best-dentist-dentistry.com\/de\/wp-json\/wp\/v2\/comments?post=40110"}],"version-history":[{"count":0,"href":"https:\/\/www.best-dentist-dentistry.com\/de\/wp-json\/wp\/v2\/posts\/40110\/revisions"}],"wp:attachment":[{"href":"https:\/\/www.best-dentist-dentistry.com\/de\/wp-json\/wp\/v2\/media?parent=40110"}],"wp:term":[{"taxonomy":"category","embeddable":true,"href":"https:\/\/www.best-dentist-dentistry.com\/de\/wp-json\/wp\/v2\/categories?post=40110"},{"taxonomy":"post_tag","embeddable":true,"href":"https:\/\/www.best-dentist-dentistry.com\/de\/wp-json\/wp\/v2\/tags?post=40110"}],"curies":[{"name":"wp","href":"https:\/\/api.w.org\/{rel}","templated":true}]}}