{"id":40241,"date":"2014-04-30T03:22:27","date_gmt":"2014-04-30T03:22:27","guid":{"rendered":null},"modified":"-0001-11-30T00:00:00","modified_gmt":"-0001-11-30T00:00:00","slug":"attachments-of-el-rocao-sevilla-approve-unemployment-the-macarena-a-shipment-prosecution-and-mir-is-continuing-indefinite-strike","status":"publish","type":"post","link":"https:\/\/www.best-dentist-dentistry.com\/de\/attachments-of-el-rocao-sevilla-approve-unemployment-the-macarena-a-shipment-prosecution-and-mir-is-continuing-indefinite-strike\/40241","title":{"rendered":"Anlagen von el Roc\u00edo (Sevilla) genehmigen Arbeitslosigkeit, die Macarena eine Versand Verfolgung und MIR baut unbefristeten Streik"},"content":{"rendered":"<p class=\"first\"> Sevilla, 30 (EUROPA PRESS)<\/p>\n<p>Eine Darstellung des medizinischen Abgeordnetenhauses Virgen Rocio Krankenhaus in Sevilla hat bei einem Treffen das gleiche Freitag die Feier eine w\u00f6chentliche Treffen jeden Monat genehmigt, neben senden einen Brief an die Staatsanwaltschaft Office k\u00fcndigende S\u00e4ttigung leiden zu Falten verschiebt und decken somit die L\u00fccken, die Gesundheit der Bewohner in der zweiten Woche der unbefristeten Streik verlassen.<\/p>\n<p>Gespr\u00e4ch mit Europa Press, Sprecher f\u00fcr den andalusischen-Koordinator der Vertreter Spezialisten internen Einwohner (CAREIR) Manuel Zurbar\u00e1n und Alberto Amador haben angek\u00fcndigt, dar\u00fcber hinaus, dass diese Situation auf das Krankenhaus Virgen Macarena von Sevilla, in dem &#8220;eine Delegation von neun medizinische Assistentin, die Arbeit in der Notaufnahme-T\u00fcren, haben auch das Verfahren eingeleitet um seine \u00dcberladung an die Staatsanwaltschaft zu \u00fcbertragen&#8221; erweitert wurde.<\/p>\n<p>Sowohl Zurbar\u00e1n als Amador haben zur\u00fcckgerufen, in diesem Zusammenhang Anlagen der Hospital Carlos Haya Malaga bereits vor Tagen mit Malaga Staatsanwaltschaft, gleichzeitig auch als einen Streik als n\u00e4chstes am 10. Dezember starten. Jedoch ist immer noch wartend f\u00fcr Malaga festzustellen, ob die Abschaltungen werden auf unbestimmte Zeit, als des Streiks gehalten, die Bewohner, oder pro Abschaltungen als die ist jetzt in der Virgen del Roc\u00edo,.<\/p>\n<p>\u00dcber den Streik der Virgen del Roc\u00edo, haben beide Marktf\u00fchrer in Europa Press materialisiert, medizinische Anlagen &#8211; f\u00fcr diejenigen, die Unterst\u00fctzung und werden unterst\u00fctzt &#8211; haben beschlossen, im Prinzip der Streik beginnt Montag, 10. Dezember und zuletzt bis Freitag 14 Dezember von der gleichen Woche, w\u00e4hrend in einer Weise, dass jeden Monat es durchf\u00fchren wird einen Streik von einer Woche Dauer bis sie erreicht haben ihre Forderungen.<\/p>\n<p>Auf jeden Fall haben es klar, dass jetzt der medizinische Union, die bestimmen, wie g\u00fcltig sein werden diese Ausf\u00e4lle in der Virgen del Roc\u00edo, seit, als die dazugeh\u00f6rige medizinische und nicht in Ausbildung, wenn sie hinter Mindestleistungen stehen w\u00fcrde festgelegt vom Board.<\/p>\n<p>In diesem Zusammenhang Amador hat davor gewarnt, dass &#8220;auf keinen Fall&#8221;, Desconvocar\u00e1n den unbefristeten Streik als &#8220;unabdingbare Voraussetzung&#8221;, mit der Gesundheitsverwaltung, zu verhandeln, &#8220;wie wir durch das Ministerium f\u00fcr Gesundheit gefordert&#8221;, jedes Mal, die Sie verantwortliche politische Klasse der Lage haben sie gemacht.<\/p>\n<p>&#8220;Wir sind fest in unserer Lage, weil es nicht verschiebt, das Geld, aber die Gesundheit der Menschen, die wir uns k\u00fcmmern und w\u00fcrde uns als Arbeitnehmer, die wir sind,&#8221; betonte Amador, wer angeprangert hat, dass das Areal &#8220;Politiker sind r\u00fccksichtslos \u00fcber sie&#8221;.<\/p>\n<p>Amador hat daher F\u00fchrer gewarnt, diese Situation der unbefristeten Streik &#8220;k\u00f6nnen sie in Ihren H\u00e4nden auszunutzen&#8221;, w\u00e4hrend die Zurbaran darauf hingewiesen, dass den Kampf zu halten, hat &#8220;es machen mehr, die Zukunft unseres Kollegen zu verteidigen erste Jahre der Ausbildung (R1 und R2), die von unseren eigenen, da wir wissen, dass es sehr schwarz ist, und daf\u00fcr haben wir keine anderen marschieren im Ausland&#8221;.<\/p>\n<p>&#8220;So sie nicht Angst weil zu diesem Zeitpunkt im Film die verschleierten Drohungen, die uns so lassen Sie Streik beim bilden nicht bei uns um eine L\u00f6sung, sitzen&#8221; beglichen hat.<\/p>\n","protected":false},"excerpt":{"rendered":"<p>Sevilla, 30 (EUROPA PRESS) Eine Darstellung des medizinischen Abgeordnetenhauses Virgen Rocio Krankenhaus in Sevilla hat bei einem Treffen das gleiche Freitag die Feier eine w\u00f6chentliche Treffen jeden Monat genehmigt, neben senden einen Brief an die Staatsanwaltschaft Office k\u00fcndigende S\u00e4ttigung leiden zu Falten verschiebt und decken somit die L\u00fccken, die Gesundheit der Bewohner in der zweiten [&hellip;]<\/p>\n","protected":false},"author":1,"featured_media":0,"comment_status":"close","ping_status":"open","sticky":false,"template":"","format":"standard","meta":{"footnotes":""},"categories":[3],"tags":[48459,48460,48461],"class_list":["post-40241","post","type-post","status-publish","format-standard","hentry","category-allgemeine","tag-sevilla","tag-macarena","tag-versand-verfolgung","et-doesnt-have-format-content","et_post_format-et-post-format-standard"],"_links":{"self":[{"href":"https:\/\/www.best-dentist-dentistry.com\/de\/wp-json\/wp\/v2\/posts\/40241","targetHints":{"allow":["GET"]}}],"collection":[{"href":"https:\/\/www.best-dentist-dentistry.com\/de\/wp-json\/wp\/v2\/posts"}],"about":[{"href":"https:\/\/www.best-dentist-dentistry.com\/de\/wp-json\/wp\/v2\/types\/post"}],"author":[{"embeddable":true,"href":"https:\/\/www.best-dentist-dentistry.com\/de\/wp-json\/wp\/v2\/users\/1"}],"replies":[{"embeddable":true,"href":"https:\/\/www.best-dentist-dentistry.com\/de\/wp-json\/wp\/v2\/comments?post=40241"}],"version-history":[{"count":0,"href":"https:\/\/www.best-dentist-dentistry.com\/de\/wp-json\/wp\/v2\/posts\/40241\/revisions"}],"wp:attachment":[{"href":"https:\/\/www.best-dentist-dentistry.com\/de\/wp-json\/wp\/v2\/media?parent=40241"}],"wp:term":[{"taxonomy":"category","embeddable":true,"href":"https:\/\/www.best-dentist-dentistry.com\/de\/wp-json\/wp\/v2\/categories?post=40241"},{"taxonomy":"post_tag","embeddable":true,"href":"https:\/\/www.best-dentist-dentistry.com\/de\/wp-json\/wp\/v2\/tags?post=40241"}],"curies":[{"name":"wp","href":"https:\/\/api.w.org\/{rel}","templated":true}]}}