{"id":40256,"date":"2014-04-30T03:24:43","date_gmt":"2014-04-30T03:24:43","guid":{"rendered":null},"modified":"-0001-11-30T00:00:00","modified_gmt":"-0001-11-30T00:00:00","slug":"a-detainee-trying-to-gain-access-to-the-assembly-of-madrid-in-protest-against-health-reforms","status":"publish","type":"post","link":"https:\/\/www.best-dentist-dentistry.com\/de\/a-detainee-trying-to-gain-access-to-the-assembly-of-madrid-in-protest-against-health-reforms\/40256","title":{"rendered":"a detainee trying to gain access to the assembly of madrid in protest against health reforms"},"content":{"rendered":"<p class=\"first\"> Madrid, 5 Dez (EFE).-verhaftete die Polizei hat ein Demonstrant wegen Angriffs auf ein Agent bei dem Versuch, springen die Polizeisperren um Zugriff auf die Assembly von Madrid, wo tausend Menschen sich heute konzentrierten wurden die Gesundheitsma\u00dfnahmen zu protestieren, die Landesregierung beabsichtigt, im Jahr 2013 einzuf\u00fchren.<\/p>\n<p>Beim Zugriffsversuch auf die Assembly durch eine T\u00fcr, die ge\u00f6ffnet wurden mehrere Assistenten zur Konzentration vor der regionalen Kammer reduziert.<\/p>\n<p>Damals haben Polizisten abgefangen, eine Person, rannte in Richtung der T\u00fcr und auf dem Boden gesichert.<\/p>\n<p>Ein H\u00e4ftling eines Verbrechens des Bombardements der Beh\u00f6rde durch Aggression ein Aufruhr-Offizier angeklagt, sie haben Efe Quellen von der Polizeichef von Madrid gezeigt.<\/p>\n<p>Nach lernen diese Tatsache, die Vereinigung der \u00c4rzte Spezialisten Madrid (Afem), die dieser &#8220;friedlichen Rallye&#8221; beigetreten waren, um auf seine &#8220;Partner, bekannte und Freunde&#8221; nennt &#8220;verlassen die Konzentration der Form mehr m\u00f6glich koordinieren&#8221; Erhalt Kommunikation, die &#8220;einige Unruhen&#8221; produziert wurden.<\/p>\n<p>Vor dem Hauptquartier des regionalen Parlaments haben Hunderte von Mitarbeitern und Benutzern die Gemeinschaft von Madrid &rsquo;verstecken&rsquo; unter seinen Vorschl\u00e4gen sollen &#8220;privatisieren&#8221; Gesundheit und &#8220;demontieren&#8221; das \u00f6ffentliche Gesundheitswesen beschuldigt.<\/p>\n<p>Zwischen eine wichtige Sicherheits-Lichtschranke, bestehend aus 20 vans der Nationalpolizei, hat die Konzentration ohne Zwischenf\u00e4lle und mit Frieden des Verstandes begonnen, aber es wurde sp\u00e4ter erw\u00e4hnten Aggression.<\/p>\n<p>Protest aufgefordert, einen Schnitt auf der Stra\u00dfe und Stau im \u00fcbrigen die Ampullen.<\/p>\n<p>Menschen hat damit begonnen, das Gebiet nach 15 Stunden von u-Bahnstation in der N\u00e4he der Versammlung zu erreichen, und suchen die Zeile der Bereitschaftspolizei, einige haben geweint, &#8220;Wir sind B\u00fcrger, nicht kriminelle&#8221;.<\/p>\n<p>In der Regel die Konzentration gediehen ruhig mit Ausnahme der Verhaftung eines jungen Mannes nach einem Kampf mit den Schauspielern, die versuchten, die Polizeisperren zu kontrollieren.<\/p>\n<p>In der Umgebung der Assembly werden Banner, die gebetet gesehen haben &#8220;Privatisieren ist an sich zu rei\u00dfen&#8221;, &#8220;die Gesundheit warnen, dass Fuenlabrada Ihre Gesundheit ernsthaft sch\u00e4digen kann&#8221;, &#8220;go, Lord Gonz\u00e1lez&#8221; und &#8220;Ihre Gesundheit, Ihr Unternehmen&#8221;, unter anderem.<\/p>\n<p>Von den Gewerkschaften, UGT, Carmen Nedranda, Gesundheit-Sprecherin erinnerte dem Minister f\u00fcr Gesundheit, Javier Fern\u00e1ndez-Fuenlabrada, &rsquo; Dies ist die Stimme von der Stra\u00dfe, die keine Schnitte und wendet sich gegen die Abschaffung der Arbeitspl\u00e4tze &rsquo;.<\/p>\n<p>Das Sekretariat des Gesundheitszustands der CCOO, Rosa Cuadrado, hat davor gewarnt, dass &#8220;Es kann kein Dialog wenn sie nicht umkehren,&#8221; F\u00fchrer der Gemeinschaft von Madrid in seiner Absicht, die Verwaltung der Krankenh\u00e4user privatisieren.<\/p>\n<p>&#8220;Gibt es keine Halbheiten, es ist ein alles oder nichts, also wenn nicht zur\u00fcckgezogen der Plan es ist kein Dialog,&#8221; kommentiert zuvor erinnern jede Verhandlung, die Parteien um ihre Positionen zu \u00fcberlassen.<\/p>\n<p>Generalsekret\u00e4r der Union der Krankenpflege von Madrid, Jos\u00e9 Manuel Freire, hat darauf hingewiesen, dass das Reformkonzept &#8220;als&#8221; einen &#8220;Paradigmenwechsel&#8221; ist: &#8220;Ging aus einem \u00f6ffentlichen Gesundheit-System f\u00fcr ein Gesundheitssystem private Management, die sie, Auslagerung und Privatisierung nennen&#8221;.<\/p>\n<p>&#8220;Wir sind besorgt den Typ des Gesundheitswesens, das wird auch weiterhin f\u00fcr die B\u00fcrger der Gemeinschaft von Madrid&#8221;, f\u00fcgte er hinzu.<\/p>\n<p>Auch beigetreten die Konzentration Benutzer und Arbeitnehmer im \u00f6ffentlichen Gesundheitssystem, hielten eine &#8220;Schande&#8221; der Regionalregierung Umstrukturierungspl\u00e4ne haben.<\/p>\n<p>&#8220;sie haben es geschafft, alle \u00c4rzte, ihnen, dies zu vereinen ist es gelungen, ein Skandal,&#8221; sagte EfE ein Mann, der als Direktor des das Krankenhaus Ram\u00f3n y Cajal identifiziert worden ist.<\/p>\n","protected":false},"excerpt":{"rendered":"<p>Madrid, 5 Dez (EFE).-verhaftete die Polizei hat ein Demonstrant wegen Angriffs auf ein Agent bei dem Versuch, springen die Polizeisperren um Zugriff auf die Assembly von Madrid, wo tausend Menschen sich heute konzentrierten wurden die Gesundheitsma\u00dfnahmen zu protestieren, die Landesregierung beabsichtigt, im Jahr 2013 einzuf\u00fchren. Beim Zugriffsversuch auf die Assembly durch eine T\u00fcr, die ge\u00f6ffnet [&hellip;]<\/p>\n","protected":false},"author":1,"featured_media":0,"comment_status":"close","ping_status":"open","sticky":false,"template":"","format":"standard","meta":{"footnotes":""},"categories":[3],"tags":[],"class_list":["post-40256","post","type-post","status-publish","format-standard","hentry","category-allgemeine","et-doesnt-have-format-content","et_post_format-et-post-format-standard"],"_links":{"self":[{"href":"https:\/\/www.best-dentist-dentistry.com\/de\/wp-json\/wp\/v2\/posts\/40256","targetHints":{"allow":["GET"]}}],"collection":[{"href":"https:\/\/www.best-dentist-dentistry.com\/de\/wp-json\/wp\/v2\/posts"}],"about":[{"href":"https:\/\/www.best-dentist-dentistry.com\/de\/wp-json\/wp\/v2\/types\/post"}],"author":[{"embeddable":true,"href":"https:\/\/www.best-dentist-dentistry.com\/de\/wp-json\/wp\/v2\/users\/1"}],"replies":[{"embeddable":true,"href":"https:\/\/www.best-dentist-dentistry.com\/de\/wp-json\/wp\/v2\/comments?post=40256"}],"version-history":[{"count":0,"href":"https:\/\/www.best-dentist-dentistry.com\/de\/wp-json\/wp\/v2\/posts\/40256\/revisions"}],"wp:attachment":[{"href":"https:\/\/www.best-dentist-dentistry.com\/de\/wp-json\/wp\/v2\/media?parent=40256"}],"wp:term":[{"taxonomy":"category","embeddable":true,"href":"https:\/\/www.best-dentist-dentistry.com\/de\/wp-json\/wp\/v2\/categories?post=40256"},{"taxonomy":"post_tag","embeddable":true,"href":"https:\/\/www.best-dentist-dentistry.com\/de\/wp-json\/wp\/v2\/tags?post=40256"}],"curies":[{"name":"wp","href":"https:\/\/api.w.org\/{rel}","templated":true}]}}